{"id":358558,"date":"2022-11-09T11:00:38","date_gmt":"2022-11-09T10:00:38","guid":{"rendered":"https:\/\/www.pcnen.com\/portal\/?p=358558"},"modified":"2022-11-09T11:00:38","modified_gmt":"2022-11-09T10:00:38","slug":"anima-kristalna-noc-pada-cujemo-li","status":"publish","type":"post","link":"https:\/\/www.pcnen.com\/portal\/2022\/11\/09\/anima-kristalna-noc-pada-cujemo-li\/","title":{"rendered":"ANIMA: Kristalna no\u0107 pada, \u010dujemo li?"},"content":{"rendered":"<p>Dan borbe protiv fa\u0161izma i antisemitizma se obilje\u017eava u znak sje\u0107anja na Kristalnu no\u0107 (&#8220;Kristallnacht&#8221;) 1938. kada je u Njema\u010dkoj po\u010deo progon jevrejskih gra\u0111ana i gra\u0111anki. Ovaj datum danas se smatra simboli\u010dkim po\u010detkom Holokausta, politike sistematskog ubijanja miliona ljudi i podsje\u0107a nas da Holokaust nije po\u010deo sa deportacijama i koncentracionim logorima, nego se razvijao korak po korak. Nacisti\u010dka propaganda, govor mr\u017enje protiv Jevreja i zakoni koji su li\u0161avali jevrejske gra\u0111ane njihovih prava su bili prvi koraci koji su postepeno vodili do ubijanja miliona, ne samo Jevreja, ve\u0107 i drugih \u201cneprijatelja dr\u017eave\u201d \u2013 homoseksualaca, kriminalaca i \u201casocijalnih\u201d ljudi, \u010dlanova raznih religijskih zajednica ljudi sa mentalnim pote\u0161ko\u0107ama, \u201dpoliti\u010dkih prestupnika\u201d poput komunista, anarhista ili socijalista, kao i manjina poput romske, pi\u0161e u saop\u0161tenju te NVO.<\/p>\n<p>Upozoravamo na to da se danas u Crnoj Gori nalazimo u stanju institucionalne i ustavne krize bez presedana, na ivici anomije koja bri\u0161e karakter pravne dr\u017eave. Upozoravamo na to da su na vlasti politi\u010dari koji nas bez ikakve odgovornosti dijele i naoru\u017eavaju, tra\u017ee da se svrstamo u partijske, nacionalne i vjerske torove i da slobodu svedemo na izbor izme\u0111u \u201dna\u0161ih i njihovih\u201d. Upozoravamo na to da ove i ovakve politi\u010dke elite ugro\u017eavaju mir u Crnoj Gori. Ne pristaju\u0107i na to, podsje\u0107amo na rije\u010di Martina Lutera Kinga: \u201dMrak ne mo\u017ee protjerati mrak, to mo\u017ee u\u010diniti svjetlo. Mr\u017enja ne mo\u017ee protjerati mr\u017enju, to mo\u017ee u\u010diniti samo ljubav.\u201d<\/p>\n<p>Politika mora da se temelji na solidarnosti i stvaranju mira. Obilje\u017eavamo ovaj datum jer nas na to obavezuju antifa\u0161isti\u010dke vrijednosti i patnja koju bez prestanka i odgovornosti proizvode politi\u010dari.<\/p>\n<p>&nbsp;<\/p>\n","protected":false},"excerpt":{"rendered":"<p>Povodom 9. novembra \u2013 Dana borbe protiv fa\u0161izma i antisemitizma ANIMA \u2013 Centar za \u017eensko i mirovno obrazovanje organizuje akciju \u201dKristalna no\u0107 pada, \u010dujemo li?\u201d 9. novembra 2022. u 17 sati na Trgu od oru\u017eja u Kotoru.<\/p>\n","protected":false},"author":1,"featured_media":296693,"comment_status":"open","ping_status":"closed","sticky":false,"template":"","format":"standard","meta":{"_seopress_robots_primary_cat":"","_seopress_titles_title":"","_seopress_titles_desc":"","_seopress_robots_index":"","_et_pb_use_builder":"","_et_pb_old_content":"","_et_gb_content_width":"","inline_featured_image":false,"footnotes":""},"categories":[14],"tags":[],"class_list":["post-358558","post","type-post","status-publish","format-standard","has-post-thumbnail","hentry","category-vijesti"],"_links":{"self":[{"href":"https:\/\/www.pcnen.com\/portal\/wp-json\/wp\/v2\/posts\/358558","targetHints":{"allow":["GET"]}}],"collection":[{"href":"https:\/\/www.pcnen.com\/portal\/wp-json\/wp\/v2\/posts"}],"about":[{"href":"https:\/\/www.pcnen.com\/portal\/wp-json\/wp\/v2\/types\/post"}],"author":[{"embeddable":true,"href":"https:\/\/www.pcnen.com\/portal\/wp-json\/wp\/v2\/users\/1"}],"replies":[{"embeddable":true,"href":"https:\/\/www.pcnen.com\/portal\/wp-json\/wp\/v2\/comments?post=358558"}],"version-history":[{"count":1,"href":"https:\/\/www.pcnen.com\/portal\/wp-json\/wp\/v2\/posts\/358558\/revisions"}],"predecessor-version":[{"id":358559,"href":"https:\/\/www.pcnen.com\/portal\/wp-json\/wp\/v2\/posts\/358558\/revisions\/358559"}],"wp:featuredmedia":[{"embeddable":true,"href":"https:\/\/www.pcnen.com\/portal\/wp-json\/wp\/v2\/media\/296693"}],"wp:attachment":[{"href":"https:\/\/www.pcnen.com\/portal\/wp-json\/wp\/v2\/media?parent=358558"}],"wp:term":[{"taxonomy":"category","embeddable":true,"href":"https:\/\/www.pcnen.com\/portal\/wp-json\/wp\/v2\/categories?post=358558"},{"taxonomy":"post_tag","embeddable":true,"href":"https:\/\/www.pcnen.com\/portal\/wp-json\/wp\/v2\/tags?post=358558"}],"curies":[{"name":"wp","href":"https:\/\/api.w.org\/{rel}","templated":true}]}}