{"id":358539,"date":"2022-11-08T21:28:32","date_gmt":"2022-11-08T20:28:32","guid":{"rendered":"https:\/\/www.pcnen.com\/portal\/?p=358539"},"modified":"2022-11-08T21:29:42","modified_gmt":"2022-11-08T20:29:42","slug":"kovac-neprihvatljivo-je-da-se-svestenicima-zabranjuje-ulazak-u-zemlju","status":"publish","type":"post","link":"https:\/\/www.pcnen.com\/portal\/2022\/11\/08\/kovac-neprihvatljivo-je-da-se-svestenicima-zabranjuje-ulazak-u-zemlju\/","title":{"rendered":"Kova\u010d: Neprihvatljivo je da se sve\u0161tenicima zabranjuje ulazak u zemlju"},"content":{"rendered":"<p>\u201cMoram odvojiti nadle\u017enosti MUP-a, shodno Zakonu o strancima, i procjene ANB-a o mogu\u0107nosti, opasnosti ugro\u017eavanja nacionalne bezbjednosti od politi\u010dkih zloupotreba. Svjedoci smo da su odre\u0111ena postupanja i pona\u0161anja vodila ka nezakonitostima i politi\u010dkim zloupotrebama\u201d, rekao je on.<\/p>\n<p>Dodao je da kontekst upu\u0107uje \u201eda su se u ANB de\u0161avale neke stvari koje ne idu u prilog njihovom radu\u201c, te da smo imali situaciju da u \u201eCrnu Goru ulaze bezbjednosno interesantna lica, a da se istovremeno zabranjuje ulazak nekim javnim li\u010dnostima\u201c.<\/p>\n<p>Govore\u0107i o ve\u010dera\u0161njem protestu u Podgorici ispred zgrade Skup\u0161tine Crne Gore, Kova\u010d je kazao da su protesti odlika politi\u010dkog pluralizma, da doprinose demokratiji ako su mirni i nenasilni i da on nema ni\u0161ta protiv njih dok su u granicama zakona i Ustava.<\/p>\n<p>&nbsp;<\/p>\n<blockquote class=\"wp-embedded-content\" data-secret=\"tXitxNWsIH\"><p><a href=\"https:\/\/www.pcnen.com\/portal\/2022\/10\/21\/igumanu-manastira-dajbabe-zabranjen-povratak-u-cg\/\">Igumanu manastira Dajbabe zabranjen povratak u CG<\/a><\/p><\/blockquote>\n<p><iframe loading=\"lazy\" class=\"wp-embedded-content\" sandbox=\"allow-scripts\" security=\"restricted\" style=\"position: absolute; clip: rect(1px, 1px, 1px, 1px);\" title=\"&#8220;Igumanu manastira Dajbabe zabranjen povratak u CG&#8221; &#8212; PCNEN\" src=\"https:\/\/www.pcnen.com\/portal\/2022\/10\/21\/igumanu-manastira-dajbabe-zabranjen-povratak-u-cg\/embed\/#?secret=OH40uPBWHP#?secret=tXitxNWsIH\" data-secret=\"tXitxNWsIH\" width=\"600\" height=\"338\" frameborder=\"0\" marginwidth=\"0\" marginheight=\"0\" scrolling=\"no\"><\/iframe><\/p>\n","protected":false},"excerpt":{"rendered":"<p>Ministar pravde Marko Kova\u010dje\u00a0 kazao ve\u010deras za TV Adria, da je neprihvatljivo u 2022. godini muzi\u010darima, sportistima, sve\u0161tenicima i drugim javnim li\u010dnostima zabranjivati ulazak u Crnu Goru.<\/p>\n","protected":false},"author":1,"featured_media":349896,"comment_status":"open","ping_status":"closed","sticky":false,"template":"","format":"standard","meta":{"_seopress_robots_primary_cat":"","_seopress_titles_title":"","_seopress_titles_desc":"","_seopress_robots_index":"","_et_pb_use_builder":"","_et_pb_old_content":"","_et_gb_content_width":"","inline_featured_image":false,"footnotes":""},"categories":[14],"tags":[],"class_list":["post-358539","post","type-post","status-publish","format-standard","has-post-thumbnail","hentry","category-vijesti"],"_links":{"self":[{"href":"https:\/\/www.pcnen.com\/portal\/wp-json\/wp\/v2\/posts\/358539","targetHints":{"allow":["GET"]}}],"collection":[{"href":"https:\/\/www.pcnen.com\/portal\/wp-json\/wp\/v2\/posts"}],"about":[{"href":"https:\/\/www.pcnen.com\/portal\/wp-json\/wp\/v2\/types\/post"}],"author":[{"embeddable":true,"href":"https:\/\/www.pcnen.com\/portal\/wp-json\/wp\/v2\/users\/1"}],"replies":[{"embeddable":true,"href":"https:\/\/www.pcnen.com\/portal\/wp-json\/wp\/v2\/comments?post=358539"}],"version-history":[{"count":2,"href":"https:\/\/www.pcnen.com\/portal\/wp-json\/wp\/v2\/posts\/358539\/revisions"}],"predecessor-version":[{"id":358542,"href":"https:\/\/www.pcnen.com\/portal\/wp-json\/wp\/v2\/posts\/358539\/revisions\/358542"}],"wp:featuredmedia":[{"embeddable":true,"href":"https:\/\/www.pcnen.com\/portal\/wp-json\/wp\/v2\/media\/349896"}],"wp:attachment":[{"href":"https:\/\/www.pcnen.com\/portal\/wp-json\/wp\/v2\/media?parent=358539"}],"wp:term":[{"taxonomy":"category","embeddable":true,"href":"https:\/\/www.pcnen.com\/portal\/wp-json\/wp\/v2\/categories?post=358539"},{"taxonomy":"post_tag","embeddable":true,"href":"https:\/\/www.pcnen.com\/portal\/wp-json\/wp\/v2\/tags?post=358539"}],"curies":[{"name":"wp","href":"https:\/\/api.w.org\/{rel}","templated":true}]}}