{"id":358507,"date":"2022-11-08T11:50:26","date_gmt":"2022-11-08T10:50:26","guid":{"rendered":"https:\/\/www.pcnen.com\/portal\/?p=358507"},"modified":"2022-11-08T11:52:29","modified_gmt":"2022-11-08T10:52:29","slug":"mugosa-neki-upregli-da-miniraju-danasnji-protest","status":"publish","type":"post","link":"https:\/\/www.pcnen.com\/portal\/2022\/11\/08\/mugosa-neki-upregli-da-miniraju-danasnji-protest\/","title":{"rendered":"Mugo\u0161a: Neki upregli da miniraju dana\u0161nji protest"},"content":{"rendered":"<blockquote class=\"twitter-tweet\">\n<p dir=\"ltr\" lang=\"und\">Gledam kako su se neki upregli da miniraju dana\u0161nji protest\u2026 moram priznati da su uporni i posve\u0107eni\ud83d\ude42\u2026 posebno su mi zanimljive tirade onih \u201cnezavisnih, \u201cobjektivnih\u201d i \u201cprincipijelnih\u201d, koji od 30.08.2020. relativizuju sve lo\u0161e \u0161to se de\u0161ava u Crnoj Gori\u2026<br \/>\nLagano, pro\u0107i \u0107e\u2026 <a href=\"https:\/\/t.co\/4ACpQW0MdH\">pic.twitter.com\/4ACpQW0MdH<\/a><\/p>\n<p>\u2014 Boris Mugo\u0161a (@BorisMugosa) <a href=\"https:\/\/twitter.com\/BorisMugosa\/status\/1589902120911708160?ref_src=twsrc%5Etfw\">November 8, 2022<\/a><\/p><\/blockquote>\n<p><script async src=\"https:\/\/platform.twitter.com\/widgets.js\" charset=\"utf-8\"><\/script><\/p>\n<blockquote class=\"wp-embedded-content\" data-secret=\"phXmTDM9iA\"><p><a href=\"https:\/\/www.pcnen.com\/portal\/2022\/11\/06\/dps-u-utorak-protest-ispred-skupstine\/\">DPS: U utorak protest ispred Skup\u0161tine<\/a><\/p><\/blockquote>\n<p><iframe loading=\"lazy\" class=\"wp-embedded-content\" sandbox=\"allow-scripts\" security=\"restricted\" style=\"position: absolute; clip: rect(1px, 1px, 1px, 1px);\" title=\"&#8220;DPS: U utorak protest ispred Skup\u0161tine&#8221; &#8212; PCNEN\" src=\"https:\/\/www.pcnen.com\/portal\/2022\/11\/06\/dps-u-utorak-protest-ispred-skupstine\/embed\/#?secret=M4Gs4UWnWk#?secret=phXmTDM9iA\" data-secret=\"phXmTDM9iA\" width=\"600\" height=\"338\" frameborder=\"0\" marginwidth=\"0\" marginheight=\"0\" scrolling=\"no\"><\/iframe><\/p>\n","protected":false},"excerpt":{"rendered":"<p>Poslanik i potpredsjednik Socijaldemorkata Crne Gore, Boris Mugo\u0161a, napisao je na Tviteruje da su \u201cneki upregli da miniraju\u201d ve\u010dera\u0161nji protest ispred Skup\u0161tine Crne Gore.<\/p>\n","protected":false},"author":1,"featured_media":353473,"comment_status":"open","ping_status":"closed","sticky":false,"template":"","format":"standard","meta":{"_seopress_robots_primary_cat":"","_seopress_titles_title":"","_seopress_titles_desc":"","_seopress_robots_index":"","_et_pb_use_builder":"","_et_pb_old_content":"","_et_gb_content_width":"","inline_featured_image":false,"footnotes":""},"categories":[14],"tags":[],"class_list":["post-358507","post","type-post","status-publish","format-standard","has-post-thumbnail","hentry","category-vijesti"],"_links":{"self":[{"href":"https:\/\/www.pcnen.com\/portal\/wp-json\/wp\/v2\/posts\/358507","targetHints":{"allow":["GET"]}}],"collection":[{"href":"https:\/\/www.pcnen.com\/portal\/wp-json\/wp\/v2\/posts"}],"about":[{"href":"https:\/\/www.pcnen.com\/portal\/wp-json\/wp\/v2\/types\/post"}],"author":[{"embeddable":true,"href":"https:\/\/www.pcnen.com\/portal\/wp-json\/wp\/v2\/users\/1"}],"replies":[{"embeddable":true,"href":"https:\/\/www.pcnen.com\/portal\/wp-json\/wp\/v2\/comments?post=358507"}],"version-history":[{"count":2,"href":"https:\/\/www.pcnen.com\/portal\/wp-json\/wp\/v2\/posts\/358507\/revisions"}],"predecessor-version":[{"id":358509,"href":"https:\/\/www.pcnen.com\/portal\/wp-json\/wp\/v2\/posts\/358507\/revisions\/358509"}],"wp:featuredmedia":[{"embeddable":true,"href":"https:\/\/www.pcnen.com\/portal\/wp-json\/wp\/v2\/media\/353473"}],"wp:attachment":[{"href":"https:\/\/www.pcnen.com\/portal\/wp-json\/wp\/v2\/media?parent=358507"}],"wp:term":[{"taxonomy":"category","embeddable":true,"href":"https:\/\/www.pcnen.com\/portal\/wp-json\/wp\/v2\/categories?post=358507"},{"taxonomy":"post_tag","embeddable":true,"href":"https:\/\/www.pcnen.com\/portal\/wp-json\/wp\/v2\/tags?post=358507"}],"curies":[{"name":"wp","href":"https:\/\/api.w.org\/{rel}","templated":true}]}}