{"id":358478,"date":"2022-11-07T22:39:28","date_gmt":"2022-11-07T21:39:28","guid":{"rendered":"https:\/\/www.pcnen.com\/portal\/?p=358478"},"modified":"2022-11-07T22:39:28","modified_gmt":"2022-11-07T21:39:28","slug":"szo-najmanje-15-000-umrlih-u-evropi-zbog-vrucina-2022","status":"publish","type":"post","link":"https:\/\/www.pcnen.com\/portal\/2022\/11\/07\/szo-najmanje-15-000-umrlih-u-evropi-zbog-vrucina-2022\/","title":{"rendered":"SZO: Najmanje 15.000 umrlih u Evropi zbog vru\u0107ina 2022."},"content":{"rendered":"<p>Ljeto 2022. bilo je najtoplije zabilje\u017eeno na starom kontinentu, \u0161to je izazvalo brojne temperaturne rekorde i dramati\u010dne po\u017eare, prenosi Beta.<\/p>\n<p>&#8220;Na osnovu ve\u0107 objavljenih nacionalnih podataka, procjenjuje se da je 15.000 ljudi umrlo direktno zbog vru\u0107ine u 2022. godini&#8221;, rekao je direktor evropskog ogranka SZO Hans Kluge u saop\u0161tenju.<\/p>\n<p>Taj bilans koji uklju\u010duje 4.500 umrlih u Njema\u010dkoj, gotovo 4.000 u \u0160paniji, vi\u0161e od 3.200 u Velikoj Britaniji i oko 1.000 u Portugalu, trebalo bi da bude ve\u0107i po\u0161to je vi\u0161e zemalja izvijestilo o pove\u0107anom mortalitetu povezanom sa vru\u0107inom, rekao je on.<\/p>\n<p>Prema podacima SZO ekstremne temperature odgovorne su za 148.000 smrti u Evropi u posljednjih 50 godina. Sa 15.000 umrlih, vjerovatno i vi\u0161e, u jednoj godini, samo 2022. godina bi predstavljala 10 odsto od tog ukupnog broja.<\/p>\n<p>&#8220;Klimatske promjene nas ve\u0107 ubijaju, ali sna\u017enim djelovanjem danas mo\u017ee da se izbjegne vi\u0161e umrlih&#8221;, navela je Svjetska zdravstvena organizacija u vrijeme sastanka o klimi COP27 koji je u toku u Egiptu.<\/p>\n<p>Prema izvje\u0161taju UN objavljenom pro\u0161le nedjelje Evropa je kontinent koji se najbr\u017ee zagrijeva, bilje\u017ee\u0107i porast temperatura vi\u0161e od dva puta ve\u0107i od prosjeka na planeti tokom posljednjih 30 godina.<\/p>\n","protected":false},"excerpt":{"rendered":"<p>Smrt najmanje 15.000 ljudi u Evropi direktno je povezana sa velikim talasima vru\u0107ina koji su zahvatili kontinent tokom ljeta 2022. godine, pokazuje jo\u0161 nepotpuna procjena Svjetske zdravstvene organizacije objavljena danas povodom sastanka UN o klimi COP27.<\/p>\n","protected":false},"author":1,"featured_media":285348,"comment_status":"open","ping_status":"closed","sticky":false,"template":"","format":"standard","meta":{"_seopress_robots_primary_cat":"","_seopress_titles_title":"","_seopress_titles_desc":"","_seopress_robots_index":"","_et_pb_use_builder":"","_et_pb_old_content":"","_et_gb_content_width":"","inline_featured_image":false,"footnotes":""},"categories":[14],"tags":[],"class_list":["post-358478","post","type-post","status-publish","format-standard","has-post-thumbnail","hentry","category-vijesti"],"_links":{"self":[{"href":"https:\/\/www.pcnen.com\/portal\/wp-json\/wp\/v2\/posts\/358478","targetHints":{"allow":["GET"]}}],"collection":[{"href":"https:\/\/www.pcnen.com\/portal\/wp-json\/wp\/v2\/posts"}],"about":[{"href":"https:\/\/www.pcnen.com\/portal\/wp-json\/wp\/v2\/types\/post"}],"author":[{"embeddable":true,"href":"https:\/\/www.pcnen.com\/portal\/wp-json\/wp\/v2\/users\/1"}],"replies":[{"embeddable":true,"href":"https:\/\/www.pcnen.com\/portal\/wp-json\/wp\/v2\/comments?post=358478"}],"version-history":[{"count":1,"href":"https:\/\/www.pcnen.com\/portal\/wp-json\/wp\/v2\/posts\/358478\/revisions"}],"predecessor-version":[{"id":358479,"href":"https:\/\/www.pcnen.com\/portal\/wp-json\/wp\/v2\/posts\/358478\/revisions\/358479"}],"wp:featuredmedia":[{"embeddable":true,"href":"https:\/\/www.pcnen.com\/portal\/wp-json\/wp\/v2\/media\/285348"}],"wp:attachment":[{"href":"https:\/\/www.pcnen.com\/portal\/wp-json\/wp\/v2\/media?parent=358478"}],"wp:term":[{"taxonomy":"category","embeddable":true,"href":"https:\/\/www.pcnen.com\/portal\/wp-json\/wp\/v2\/categories?post=358478"},{"taxonomy":"post_tag","embeddable":true,"href":"https:\/\/www.pcnen.com\/portal\/wp-json\/wp\/v2\/tags?post=358478"}],"curies":[{"name":"wp","href":"https:\/\/api.w.org\/{rel}","templated":true}]}}