{"id":358476,"date":"2022-11-07T22:34:04","date_gmt":"2022-11-07T21:34:04","guid":{"rendered":"https:\/\/www.pcnen.com\/portal\/?p=358476"},"modified":"2022-11-07T22:34:42","modified_gmt":"2022-11-07T21:34:42","slug":"dukanovic-poslao-podrsku-sjutrasnjem-protestu","status":"publish","type":"post","link":"https:\/\/www.pcnen.com\/portal\/2022\/11\/07\/dukanovic-poslao-podrsku-sjutrasnjem-protestu\/","title":{"rendered":"\u0110ukanovi\u0107 poslao podr\u0161ku sjutra\u0161njem protestu"},"content":{"rendered":"<p>\u201cNema opasnijeg podrivanja institucija nego kad se u parlamentu ne po\u0161tuje Ustav i ru\u0161i ustavni poredak\u201d, napisao je \u0110ukanovi\u0107 na Tviteru.<\/p>\n<blockquote><p><em>DPS je prije dva dana pozvala gra\u0111ane na protest ispred Skup\u0161tine, pod sloganom &#8220;Ima nas&#8221;, u utorak, 8. novembra od 18 sati.<\/em><\/p><\/blockquote>\n<blockquote class=\"twitter-tweet\">\n<p dir=\"ltr\" lang=\"und\">Podr\u0161ka sjutra\u0161njem protestnom skupu \u010diji je cilj vra\u0107anje kredibiliteta i legitimiteta institucijama i za\u0161tita Crne Gore.<br \/>\nNema opasnijeg podrivanja institucija nego kad se u parlamentu ne po\u0161tuje Ustav i ru\u0161i ustavni poredak.<\/p>\n<p>\u2014 Milo \u0110ukanovi\u0107 (@predsjednik_cg) <a href=\"https:\/\/twitter.com\/predsjednik_cg\/status\/1589676405427576832?ref_src=twsrc%5Etfw\">November 7, 2022<\/a><\/p><\/blockquote>\n<p><script async src=\"https:\/\/platform.twitter.com\/widgets.js\" charset=\"utf-8\"><\/script><\/p>\n<blockquote class=\"wp-embedded-content\" data-secret=\"cenQTa1n4I\"><p><a href=\"https:\/\/www.pcnen.com\/portal\/2022\/11\/06\/dps-u-utorak-protest-ispred-skupstine\/\">DPS: U utorak protest ispred Skup\u0161tine<\/a><\/p><\/blockquote>\n<p><iframe loading=\"lazy\" class=\"wp-embedded-content\" sandbox=\"allow-scripts\" security=\"restricted\" style=\"position: absolute; clip: rect(1px, 1px, 1px, 1px);\" title=\"&#8220;DPS: U utorak protest ispred Skup\u0161tine&#8221; &#8212; PCNEN\" src=\"https:\/\/www.pcnen.com\/portal\/2022\/11\/06\/dps-u-utorak-protest-ispred-skupstine\/embed\/#?secret=zxwRKQV6xp#?secret=cenQTa1n4I\" data-secret=\"cenQTa1n4I\" width=\"600\" height=\"338\" frameborder=\"0\" marginwidth=\"0\" marginheight=\"0\" scrolling=\"no\"><\/iframe><\/p>\n","protected":false},"excerpt":{"rendered":"<p>Predsjednik Crne Gore podr\u017eao je protest koji je za sjutra planiran ispred zgrade Skup\u0161tine.<\/p>\n","protected":false},"author":1,"featured_media":283427,"comment_status":"open","ping_status":"closed","sticky":false,"template":"","format":"standard","meta":{"_seopress_robots_primary_cat":"","_seopress_titles_title":"","_seopress_titles_desc":"","_seopress_robots_index":"","_et_pb_use_builder":"","_et_pb_old_content":"","_et_gb_content_width":"","inline_featured_image":false,"footnotes":""},"categories":[14],"tags":[],"class_list":["post-358476","post","type-post","status-publish","format-standard","has-post-thumbnail","hentry","category-vijesti"],"_links":{"self":[{"href":"https:\/\/www.pcnen.com\/portal\/wp-json\/wp\/v2\/posts\/358476","targetHints":{"allow":["GET"]}}],"collection":[{"href":"https:\/\/www.pcnen.com\/portal\/wp-json\/wp\/v2\/posts"}],"about":[{"href":"https:\/\/www.pcnen.com\/portal\/wp-json\/wp\/v2\/types\/post"}],"author":[{"embeddable":true,"href":"https:\/\/www.pcnen.com\/portal\/wp-json\/wp\/v2\/users\/1"}],"replies":[{"embeddable":true,"href":"https:\/\/www.pcnen.com\/portal\/wp-json\/wp\/v2\/comments?post=358476"}],"version-history":[{"count":1,"href":"https:\/\/www.pcnen.com\/portal\/wp-json\/wp\/v2\/posts\/358476\/revisions"}],"predecessor-version":[{"id":358477,"href":"https:\/\/www.pcnen.com\/portal\/wp-json\/wp\/v2\/posts\/358476\/revisions\/358477"}],"wp:featuredmedia":[{"embeddable":true,"href":"https:\/\/www.pcnen.com\/portal\/wp-json\/wp\/v2\/media\/283427"}],"wp:attachment":[{"href":"https:\/\/www.pcnen.com\/portal\/wp-json\/wp\/v2\/media?parent=358476"}],"wp:term":[{"taxonomy":"category","embeddable":true,"href":"https:\/\/www.pcnen.com\/portal\/wp-json\/wp\/v2\/categories?post=358476"},{"taxonomy":"post_tag","embeddable":true,"href":"https:\/\/www.pcnen.com\/portal\/wp-json\/wp\/v2\/tags?post=358476"}],"curies":[{"name":"wp","href":"https:\/\/api.w.org\/{rel}","templated":true}]}}