{"id":358444,"date":"2022-11-07T13:57:45","date_gmt":"2022-11-07T12:57:45","guid":{"rendered":"https:\/\/www.pcnen.com\/portal\/?p=358444"},"modified":"2022-11-07T13:57:45","modified_gmt":"2022-11-07T12:57:45","slug":"cgo-zabrinut-zbog-rada-ministarstva-pravde","status":"publish","type":"post","link":"https:\/\/www.pcnen.com\/portal\/2022\/11\/07\/cgo-zabrinut-zbog-rada-ministarstva-pravde\/","title":{"rendered":"CGO zabrinut zbog rada Ministarstva pravde"},"content":{"rendered":"<p>Ministarstvo pravde je, kako navodi CGO, odbilo pristup navode\u0107i da su na osnovu uvida u slu\u017ebene evidencije utvrdili da ne posjeduju dokument\/a koja sadr\u017ee tra\u017eene podatke, odnosno da bi to predstavljalo sa\u010dinjavanje nove informacije.<\/p>\n<p>\u201cMinistarstvo pravde je nadle\u017eno ministarstvo za me\u0111unarodnu pravnu pomo\u0107 u krivi\u010dnim i gra\u0111anskim stvarima i ekstradiciju. Stoga, CGO izra\u017eava zabrinutost da ovaj organ nema evidenciju zahtjeva za izru\u010denje prema drugim dr\u017eavama, iako je javnost upoznata da je takvih zahtjeva bilo\u201d, re\u010deno je u informaciji objavljenoj na Tviteru.<\/p>\n","protected":false},"excerpt":{"rendered":"<p>Centar za gra\u0111ansko obrazovanje je saop\u0161tio danas da je Ministarstvu pravde odbilo njihov zahtjev za slobodan pristup informacijama o tome da li i koje osobe Crna Gora trenutno potra\u017euje od Republike Srbije radi vo\u0111enja krivi\u010dnog postupka u Crnoj Gori, odnosno izvr\u0161enja pravosna\u017ene sudske presude u Crnoj Gori.<\/p>\n","protected":false},"author":1,"featured_media":0,"comment_status":"open","ping_status":"closed","sticky":false,"template":"","format":"standard","meta":{"_seopress_robots_primary_cat":"","_seopress_titles_title":"","_seopress_titles_desc":"","_seopress_robots_index":"","_et_pb_use_builder":"","_et_pb_old_content":"","_et_gb_content_width":"","inline_featured_image":false,"footnotes":""},"categories":[14],"tags":[],"class_list":["post-358444","post","type-post","status-publish","format-standard","hentry","category-vijesti"],"_links":{"self":[{"href":"https:\/\/www.pcnen.com\/portal\/wp-json\/wp\/v2\/posts\/358444","targetHints":{"allow":["GET"]}}],"collection":[{"href":"https:\/\/www.pcnen.com\/portal\/wp-json\/wp\/v2\/posts"}],"about":[{"href":"https:\/\/www.pcnen.com\/portal\/wp-json\/wp\/v2\/types\/post"}],"author":[{"embeddable":true,"href":"https:\/\/www.pcnen.com\/portal\/wp-json\/wp\/v2\/users\/1"}],"replies":[{"embeddable":true,"href":"https:\/\/www.pcnen.com\/portal\/wp-json\/wp\/v2\/comments?post=358444"}],"version-history":[{"count":1,"href":"https:\/\/www.pcnen.com\/portal\/wp-json\/wp\/v2\/posts\/358444\/revisions"}],"predecessor-version":[{"id":358445,"href":"https:\/\/www.pcnen.com\/portal\/wp-json\/wp\/v2\/posts\/358444\/revisions\/358445"}],"wp:attachment":[{"href":"https:\/\/www.pcnen.com\/portal\/wp-json\/wp\/v2\/media?parent=358444"}],"wp:term":[{"taxonomy":"category","embeddable":true,"href":"https:\/\/www.pcnen.com\/portal\/wp-json\/wp\/v2\/categories?post=358444"},{"taxonomy":"post_tag","embeddable":true,"href":"https:\/\/www.pcnen.com\/portal\/wp-json\/wp\/v2\/tags?post=358444"}],"curies":[{"name":"wp","href":"https:\/\/api.w.org\/{rel}","templated":true}]}}