{"id":358430,"date":"2022-11-07T13:47:37","date_gmt":"2022-11-07T12:47:37","guid":{"rendered":"https:\/\/www.pcnen.com\/portal\/?p=358430"},"modified":"2022-11-07T13:47:37","modified_gmt":"2022-11-07T12:47:37","slug":"u-odbrani-principa","status":"publish","type":"post","link":"https:\/\/www.pcnen.com\/portal\/2022\/11\/07\/u-odbrani-principa\/","title":{"rendered":"U odbrani principa"},"content":{"rendered":"<p>Za sjutra u 18 sati je zakazan protest ispred Skup\u0161tine Crne Gore. Protest se organizuje povodom flagrantnog i svima o\u010dglednog kr\u0161enja Ustava od strane skup\u0161tinske ve\u0107ine, a povodom dono\u0161enje neustavnih izmjena Zakona o predsjedniku. Me\u0111utim, kao \u0161to je to uobi\u010dajno kod nas, umjesto da to bude svegra\u0111anski protest protiv kr\u0161enja Ustava, DPS se potrudio da bude njegov skriveni organizator, pretvori ga u \u201epatriotski skup\u201c, \u0161to \u0107e odvratiti dio gra\u0111ana da uzme u\u010de\u0161\u0107e u njemu.<\/p>\n<p>O predsjedniku dr\u017eave mislim sve najgore \u2013 kao i o DPS-u, a je\u017eim se od \u201epatriotskih skupova\u201c na obije strane. Uprkos tome, prisustvova\u0107u protestu \u2013 principijelno, jer ne \u017eelim da nijemo gledam kako se Ustav, u dr\u017eavi bez Ustavnog suda, tako o\u010digledno, bahato i grubo kr\u0161i od strane ve\u0107ine u \u201enajve\u0107em zakonodavnom domu\u201c.<\/p>\n<p>Ne pi\u0161em ovaj tekst da bih se pravdao bilo kome zbog toga, ni zato \u0161to \u0107u zbog prisustva protestu vjerovatno biti prozvan, ve\u0107 da objasnim da se principi i zakoni moraju braniti, uprkos riziku da budete progla\u0161eni izdajnikom \u2013 najte\u017eom optu\u017ebom koja se kod nas najlak\u0161e iznosi. Kada se brani pravo i pravna dr\u017eava, zakon, jednakost, pravo na ravnopravnost i nediskriminaciju, organizator protesta je manje bitan. Bitan je motiv.<\/p>\n<p>Demokratski front mi je jednako daleko koliko i DPS \u2013 ako ne i dalji, ali sam ne samo ja ve\u0107 puno ljudi koje poznajem &#8211; a koji osje\u0107aju \u010dak prezir prema tom savezu &#8211; bili na njihovim protestima kada su se branili zakon, pravo i pravdu. Uprkos \u201eBarskoj srbadiji\u201c, \u010dak.<\/p>\n<p>Prema Srpskoj pravoslavnoj crkvi, prije svega zbog podr\u0161ke ratovima devedesetih i ratnim zlo\u010dincima, ali i zbog najgrublje mogu\u0107e uvrede koju je najve\u0107i crkveni autoritet u Crnoj Gori, pokojni mitropolit Amfilohije, izrekao na ra\u010dun muslimana, nazivaju\u0107i ih la\u017enim ljudima u la\u017enoj vjeri, imam najbla\u017ee re\u010deno rezervisan stav. Bez obzira na to, kada je zabranjena litija na Cetinju i organizovan moleban u Cetinjskom manastiru, prisustvovao sam mu, brane\u0107i princip da niko nema pravo da zabrani mirna okupljanja \u2013 kakva su bile litije &#8211; jer se time kr\u0161i Ustavom zagarantovano pravo na miran protest.<\/p>\n<p>U svim ovim slu\u010dajevima, tada re\u017eimski mediji su progla\u0161avali one koje bi prisustvovali tim skupovima izdajnicima, omalova\u017eavali ih, najave za skup i njega samog komentarisali u negativnom kontekstu.<\/p>\n<p>Ni tu se ni\u0161ta nije promjenilo. Ista situacija je i danas, samo \u0161to su sada nekad opozicioni postali re\u017eimski mediji, a nekad re\u017eimski opozicioni. Ilustrativan primjer za to je dana\u0161nja naslovnica na portalu \u201eVijesti\u201c i njihova najava za sjutra\u0161nji skup.<\/p>\n<p><img loading=\"lazy\" decoding=\"async\" class=\"aligncenter size-full wp-image-358442\" src=\"https:\/\/www.pcnen.com\/portal\/wp-content\/uploads\/2022\/11\/protest-najava.png\" alt=\"\" width=\"300\" height=\"651\" srcset=\"https:\/\/www.pcnen.com\/portal\/wp-content\/uploads\/2022\/11\/protest-najava.png 300w, https:\/\/www.pcnen.com\/portal\/wp-content\/uploads\/2022\/11\/protest-najava-138x300.png 138w\" sizes=\"(max-width: 300px) 100vw, 300px\" \/><\/p>\n<p>Jedino oni koji uvijek i svagda po\u0161tuju osnovne principe imaju i ima\u0107e legitimitet da se za njih javno i bez zazora bore. Ne postoje selektivni principi, oni koji va\u017ee \u201esamo za na\u0161e\u201c. Mnogi to, na\u017ealost, kasno shvate.<\/p>\n<p>&nbsp;<\/p>\n","protected":false},"excerpt":{"rendered":"<p>Pi\u0161e: Omer \u0160ARKI\u0106<\/p>\n","protected":false},"author":12,"featured_media":286086,"comment_status":"open","ping_status":"closed","sticky":false,"template":"","format":"standard","meta":{"_seopress_robots_primary_cat":"","_seopress_titles_title":"","_seopress_titles_desc":"","_seopress_robots_index":"","_et_pb_use_builder":"","_et_pb_old_content":"","_et_gb_content_width":"","inline_featured_image":false,"footnotes":""},"categories":[17],"tags":[1169],"class_list":["post-358430","post","type-post","status-publish","format-standard","has-post-thumbnail","hentry","category-blogovi","tag-omer-sarkic"],"_links":{"self":[{"href":"https:\/\/www.pcnen.com\/portal\/wp-json\/wp\/v2\/posts\/358430","targetHints":{"allow":["GET"]}}],"collection":[{"href":"https:\/\/www.pcnen.com\/portal\/wp-json\/wp\/v2\/posts"}],"about":[{"href":"https:\/\/www.pcnen.com\/portal\/wp-json\/wp\/v2\/types\/post"}],"author":[{"embeddable":true,"href":"https:\/\/www.pcnen.com\/portal\/wp-json\/wp\/v2\/users\/12"}],"replies":[{"embeddable":true,"href":"https:\/\/www.pcnen.com\/portal\/wp-json\/wp\/v2\/comments?post=358430"}],"version-history":[{"count":3,"href":"https:\/\/www.pcnen.com\/portal\/wp-json\/wp\/v2\/posts\/358430\/revisions"}],"predecessor-version":[{"id":358443,"href":"https:\/\/www.pcnen.com\/portal\/wp-json\/wp\/v2\/posts\/358430\/revisions\/358443"}],"wp:featuredmedia":[{"embeddable":true,"href":"https:\/\/www.pcnen.com\/portal\/wp-json\/wp\/v2\/media\/286086"}],"wp:attachment":[{"href":"https:\/\/www.pcnen.com\/portal\/wp-json\/wp\/v2\/media?parent=358430"}],"wp:term":[{"taxonomy":"category","embeddable":true,"href":"https:\/\/www.pcnen.com\/portal\/wp-json\/wp\/v2\/categories?post=358430"},{"taxonomy":"post_tag","embeddable":true,"href":"https:\/\/www.pcnen.com\/portal\/wp-json\/wp\/v2\/tags?post=358430"}],"curies":[{"name":"wp","href":"https:\/\/api.w.org\/{rel}","templated":true}]}}