{"id":358409,"date":"2022-11-07T09:16:52","date_gmt":"2022-11-07T08:16:52","guid":{"rendered":"https:\/\/www.pcnen.com\/portal\/?p=358409"},"modified":"2022-11-07T10:11:29","modified_gmt":"2022-11-07T09:11:29","slug":"papa-zene-su-dar-u-svijetu-ima-previse-muskog-sovinizma","status":"publish","type":"post","link":"https:\/\/www.pcnen.com\/portal\/2022\/11\/07\/papa-zene-su-dar-u-svijetu-ima-previse-muskog-sovinizma\/","title":{"rendered":"Papa: \u017dene su dar, u svijetu ima previ\u0161e mu\u0161kog \u0161ovinizma"},"content":{"rendered":"<p>Papa je to rekao novinarima u avionu kojim se vra\u0107ao u Rim nakon \u010detvorodnevnog puta u Bahrein.<\/p>\n<p>&#8220;Primijetio sam da se svaki put kad \u017eena dobije poziciju u Vatikanu stvari pobolj\u0161aju&#8221;, izjavio je.<\/p>\n<p>Franja je upitan o \u017eenama koje predvode proteste u Iranu, ali nije odgovorio na to pitanje, nego je temu usmjerio na ulogu \u017eena generalno, prenosi Hina.<\/p>\n<p>Kad je govorio o \u017eenama kojima je dodijelio odgovorne uloge, spomenuo je sestru Rafaelu Petrini, zamjenicu guvernera Vatikana i najmo\u0107niju \u017eenu u gradu-dr\u017eavi, zadu\u017eenu za oko 2.000 zaposlenih.<\/p>\n<p>Tako\u0111e je naveo pet \u017eena koje je imenovao u odjeljenje koji nadzire vatikanske finansije.<\/p>\n<p>&#8220;Ovo je revolucija jer \u017eene umiju da prona\u0111u pravi put naprijed&#8221;, rekao je.<\/p>\n<p>Franjo je osudio mu\u0161ki \u0161ovinizam, naglasiv\u0161i da ga i dalje ima previ\u0161e u svijetu, uklju\u010duju\u0107i i u njegovoj rodnoj Argentini.<\/p>\n<p>&#8220;\u017dene su dar. Bog nije stvorio mu\u0161karca i dao mu psa da se igra s njim. Stvorio je mu\u0161karca i \u017eenu&#8221;, rekao je Papa.<\/p>\n<p>&#8220;Dru\u0161tvo koje nije sposobno da dopusti \u017eenama da imaju ve\u0107e uloge ne kre\u0107e se naprijed&#8221;, dodao je.<\/p>\n","protected":false},"excerpt":{"rendered":"<p>Papa Franjo je rekao da su \u017eene koje je imenovao u Vatikanu dokazale da mogu biti bolje menad\u017eerke od mu\u0161karaca i da u Rimokatoli\u010dkoj crkvi i u dru\u0161tvu generalno ima previ\u0161e mu\u0161kog \u0161ovinizma.<\/p>\n","protected":false},"author":1,"featured_media":358413,"comment_status":"open","ping_status":"closed","sticky":false,"template":"","format":"standard","meta":{"_seopress_robots_primary_cat":"","_seopress_titles_title":"","_seopress_titles_desc":"","_seopress_robots_index":"","_et_pb_use_builder":"","_et_pb_old_content":"","_et_gb_content_width":"","inline_featured_image":false,"footnotes":""},"categories":[14],"tags":[],"class_list":["post-358409","post","type-post","status-publish","format-standard","has-post-thumbnail","hentry","category-vijesti"],"_links":{"self":[{"href":"https:\/\/www.pcnen.com\/portal\/wp-json\/wp\/v2\/posts\/358409","targetHints":{"allow":["GET"]}}],"collection":[{"href":"https:\/\/www.pcnen.com\/portal\/wp-json\/wp\/v2\/posts"}],"about":[{"href":"https:\/\/www.pcnen.com\/portal\/wp-json\/wp\/v2\/types\/post"}],"author":[{"embeddable":true,"href":"https:\/\/www.pcnen.com\/portal\/wp-json\/wp\/v2\/users\/1"}],"replies":[{"embeddable":true,"href":"https:\/\/www.pcnen.com\/portal\/wp-json\/wp\/v2\/comments?post=358409"}],"version-history":[{"count":1,"href":"https:\/\/www.pcnen.com\/portal\/wp-json\/wp\/v2\/posts\/358409\/revisions"}],"predecessor-version":[{"id":358410,"href":"https:\/\/www.pcnen.com\/portal\/wp-json\/wp\/v2\/posts\/358409\/revisions\/358410"}],"wp:featuredmedia":[{"embeddable":true,"href":"https:\/\/www.pcnen.com\/portal\/wp-json\/wp\/v2\/media\/358413"}],"wp:attachment":[{"href":"https:\/\/www.pcnen.com\/portal\/wp-json\/wp\/v2\/media?parent=358409"}],"wp:term":[{"taxonomy":"category","embeddable":true,"href":"https:\/\/www.pcnen.com\/portal\/wp-json\/wp\/v2\/categories?post=358409"},{"taxonomy":"post_tag","embeddable":true,"href":"https:\/\/www.pcnen.com\/portal\/wp-json\/wp\/v2\/tags?post=358409"}],"curies":[{"name":"wp","href":"https:\/\/api.w.org\/{rel}","templated":true}]}}