{"id":358386,"date":"2022-11-06T20:24:07","date_gmt":"2022-11-06T19:24:07","guid":{"rendered":"https:\/\/www.pcnen.com\/portal\/?p=358386"},"modified":"2022-11-06T20:31:16","modified_gmt":"2022-11-06T19:31:16","slug":"u-istanbulu-uhapsen-clan-kavackog-klana-zeljko-bojanic","status":"publish","type":"post","link":"https:\/\/www.pcnen.com\/portal\/2022\/11\/06\/u-istanbulu-uhapsen-clan-kavackog-klana-zeljko-bojanic\/","title":{"rendered":"U Istanbulu uhap\u0161en \u010dlan kava\u010dkog klana \u017deljko Bojani\u0107"},"content":{"rendered":"<p>Bojani\u0107 je tako\u0111er optu\u017een za ubistvo Cetinjanina Rista Mijanovi\u0107a. Policijske ekipe pretra\u017eile su dvori\u0161te vile u kojoj se Bojani\u0107 skrivao, sumnjaju\u0107i da bi tu moglo biti zakopano tijelo Riste Mijanovi\u0107a.<\/p>\n<p>Mijanovi\u0107 je bio \u010dlan \u201c\u0161kaljarskog klana\u201d koji je od 2014. bio u zavadi sa Bojani\u0107evim \u201ckava\u010dkim klanom\u201d, <a href=\"https:\/\/balkans.aljazeera.net\/news\/balkan\/2022\/11\/6\/sef-mafije-zeljko-bojanic-uhapsen-u-istanbulu\">prenosi Al Jazeera Balkans.<\/a><\/p>\n<p>\u201cKava\u010dki klan\u201d je u septembru u Istanbulu optu\u017een za ubistvo \u201c\u0161kaljarskog \u0161efa\u201d Jovana Vukoti\u0107a.<\/p>\n<p>Bojani\u0107 je nekada\u0161nji bliski saradnik sada pokojnog Dragana Dudi\u0107a Frica. Ranjen je u pucnjavi u kojoj je 2010. u kafi\u0107u &#8220;Moka&#8221; u kotorskom Starom gradu ubijen Dudi\u0107.<\/p>\n<p>U bjekstvu je od kada je Slovenija za njim raspisala potjernicu zbog sumnje da je od septembra 2014. do juna 2015. godine u\u010destvovao u krijum\u010darenju kokaina iz Ju\u017ene Amerike u Evropu.<\/p>\n<p>Turska televizija CNN T\u00fcrk izvijestila je da je Bojani\u0107, \u010diji je nadimak Boris, me\u0111u 45 najtra\u017eenijih kriminalaca u Evropi i da je u Tursku u\u0161ao s la\u017enim paso\u0161em na ime Andelew Belchew Jordan.<\/p>\n<p>Mediji su objavili da je pripadnicima turske bande \u010diji se vo\u0111a nalazi u pritvoru u Italiji ispla\u0107eno oko milion eura za ubistvo Vukoti\u0107a.<\/p>\n<p>Vukoti\u0107, za kojem Srbija traga, prije tri godine je uhap\u0161en u Turskoj i izru\u010den Srbiji, gdje je nakon su\u0111enja pu\u0161ten na slobodu. Navodno se, kao i Bojani\u0107, s la\u017enom li\u010dnom kartom i paso\u0161em vratio u Turskoj.<\/p>\n<p>U sukobu ova dva klana od 2014. je ubijeno 50-ak osoba.<\/p>\n","protected":false},"excerpt":{"rendered":"<p>Turska policija je u Istanbulu uhapsila crnogorskog \u0161efa mafije Kotoranina \u017deljka Bojani\u0107a za kojim je Interpol raspisao me\u0111unarodnu potjernicu i koji je umije\u0161an u krijum\u010darenje droge, pi\u0161e Daily Sabah.<\/p>\n","protected":false},"author":1,"featured_media":0,"comment_status":"open","ping_status":"closed","sticky":false,"template":"","format":"standard","meta":{"_seopress_robots_primary_cat":"","_seopress_titles_title":"","_seopress_titles_desc":"","_seopress_robots_index":"","_et_pb_use_builder":"","_et_pb_old_content":"","_et_gb_content_width":"","inline_featured_image":false,"footnotes":""},"categories":[14],"tags":[],"class_list":["post-358386","post","type-post","status-publish","format-standard","hentry","category-vijesti"],"_links":{"self":[{"href":"https:\/\/www.pcnen.com\/portal\/wp-json\/wp\/v2\/posts\/358386","targetHints":{"allow":["GET"]}}],"collection":[{"href":"https:\/\/www.pcnen.com\/portal\/wp-json\/wp\/v2\/posts"}],"about":[{"href":"https:\/\/www.pcnen.com\/portal\/wp-json\/wp\/v2\/types\/post"}],"author":[{"embeddable":true,"href":"https:\/\/www.pcnen.com\/portal\/wp-json\/wp\/v2\/users\/1"}],"replies":[{"embeddable":true,"href":"https:\/\/www.pcnen.com\/portal\/wp-json\/wp\/v2\/comments?post=358386"}],"version-history":[{"count":5,"href":"https:\/\/www.pcnen.com\/portal\/wp-json\/wp\/v2\/posts\/358386\/revisions"}],"predecessor-version":[{"id":358391,"href":"https:\/\/www.pcnen.com\/portal\/wp-json\/wp\/v2\/posts\/358386\/revisions\/358391"}],"wp:attachment":[{"href":"https:\/\/www.pcnen.com\/portal\/wp-json\/wp\/v2\/media?parent=358386"}],"wp:term":[{"taxonomy":"category","embeddable":true,"href":"https:\/\/www.pcnen.com\/portal\/wp-json\/wp\/v2\/categories?post=358386"},{"taxonomy":"post_tag","embeddable":true,"href":"https:\/\/www.pcnen.com\/portal\/wp-json\/wp\/v2\/tags?post=358386"}],"curies":[{"name":"wp","href":"https:\/\/api.w.org\/{rel}","templated":true}]}}