{"id":358303,"date":"2022-11-05T07:36:50","date_gmt":"2022-11-05T06:36:50","guid":{"rendered":"https:\/\/www.pcnen.com\/portal\/?p=358303"},"modified":"2022-11-05T08:10:45","modified_gmt":"2022-11-05T07:10:45","slug":"predsjednik-tuzi-deljosaj-imao-problema-s-policijom","status":"publish","type":"post","link":"https:\/\/www.pcnen.com\/portal\/2022\/11\/05\/predsjednik-tuzi-deljosaj-imao-problema-s-policijom\/","title":{"rendered":"Predsjednik Tuzi \u0110eljo\u0161aj imao problema s policijom"},"content":{"rendered":"<p>O incidentu su ju\u010de izvje\u0161tavali mediji, a kasno sino\u0107 je Uprava policije izdala saop\u0161tenje, koje prenosimo u cjelini.<\/p>\n<blockquote><p>&#8220;Policijski slu\u017ebenici saobra\u0107ajne policija su u ulici Bracana Bracanovi\u0107a, u Podgorici, u cilju kontrole zaustavili vozilo marke \u201eAudi Q7\u201c kojom je upravljao \u0110.J., zbog uo\u010denog prek\u0161aja, shodno Zakonu o bezbjednosti saobra\u0107aja na putevima.<\/p>\n<p>Zbog prekr\u0161aja, voza\u010du \u0110.J. je uru\u010den zapisnik o prijavi, koju je odbio da potpi\u0161e, navode\u0107i da on nije vlasnik vozila, ve\u0107 da je vlasnik N.\u0110.<\/p>\n<p>Policijski slu\u017ebenici su u skladu sa zakonom uputili vozilo u najbli\u017eu stanicu za tehni\u010dki pregled vozila, u cilju vr\u0161enja kontrolnog tehni\u010dkog pregleda, gdje je ubrzo drugim vozilom stigao i N.\u0110.<\/p>\n<p>Iz vozila koje je predhodno bilo predmet kontrole policijskih slu\u017ebenika, izlaze dva djeteta i prelaze u vozilo kojim je do\u0161ao N.\u0110, nakon \u010dega ih je voza\u010d, \u0110.J. odvezao sa lica mjesta.<\/p>\n<p>N.\u0110., koji je ostao na licu mjesta, tokom vr\u0161enja kontrolnog tehni\u010dkog pregleda vozila, obra\u0107ao se policijskim slu\u017ebenicima rije\u010dima koje su imale karakter delikta o \u010dijoj kona\u010dnoj pravnoj kvalifikaciji \u0107e se izjasniti nadle\u017eni dr\u017eavni tu\u017eilac, a \u0161to je posljedni\u010dno dovelo do izdavanja upozorenja i nare\u0111enja od strane policijskih slu\u017ebenika, a potom i dovo\u0111enja u prostorije Uprave policije, bez upotrebe sredstava prinude, a radi prikupljanja obavje\u0161tenja, odnosno dodatnih obavje\u0161tenja po nalogu dr\u017eavnog tu\u017eioca u cilju rasvjetljavanja okolnosti ovog doga\u0111aja i njegove kvalifikacije.<\/p>\n<p>N.\u0110. je potom napustio prostorije policije, a policijski slu\u017ebenici su sve slu\u017ebene radnje u vezi kontrole u\u010desnika u saobra\u0107aju, preduzimali sa posebnom pa\u017enjom i senzibilitetom, a posebno tokom i nakon \u0161to je utvr\u0111eno da su se u vozilu zatamnjenih stakala koje je bilo predmet kontrole nalazilo dvoje djece, koje je sa lica mjesta odmah nakon dolaska N.\u0110., kao roditelja, odvezao \u0110.J., kome su to policijski slu\u017ebenici i omogu\u0107ili nakon \u0161to je prethodno telefonom pozvao N.\u0110.&#8221;<\/p><\/blockquote>\n<p><strong>\u0110eljo\u0161aj je, u <a href=\"https:\/\/rtcg.me\/vijesti\/crna_hronika\/384708\/podnijecu-krivicnu-prijavu-protiv-policajaca-maltretirali-djecu.html\" target=\"_blank\" rel=\"noopener\">izjavi za portal RTCG<\/a>, najavio krivi\u010dnu prijavu protiv policije, koju optu\u017euje da su maltretirala njegovu djecu.<\/strong><\/p>\n","protected":false},"excerpt":{"rendered":"<p>Policija je ju\u010de privela predsjednika Albanske alternative i op\u0161tine Tuzi Nika \u0110eljo\u0161aja nakon \u0161to je prethodno kontrolisala vozilo zatamnjenih stakala (\u0161to je nezakonito) koje je vozio \u0110eljo\u0161ajev prijatelj.<\/p>\n","protected":false},"author":1,"featured_media":0,"comment_status":"open","ping_status":"closed","sticky":false,"template":"","format":"standard","meta":{"_seopress_robots_primary_cat":"","_seopress_titles_title":"","_seopress_titles_desc":"","_seopress_robots_index":"","_et_pb_use_builder":"","_et_pb_old_content":"","_et_gb_content_width":"","inline_featured_image":false,"footnotes":""},"categories":[14],"tags":[2479],"class_list":["post-358303","post","type-post","status-publish","format-standard","hentry","category-vijesti","tag-nik-deljosaj"],"_links":{"self":[{"href":"https:\/\/www.pcnen.com\/portal\/wp-json\/wp\/v2\/posts\/358303","targetHints":{"allow":["GET"]}}],"collection":[{"href":"https:\/\/www.pcnen.com\/portal\/wp-json\/wp\/v2\/posts"}],"about":[{"href":"https:\/\/www.pcnen.com\/portal\/wp-json\/wp\/v2\/types\/post"}],"author":[{"embeddable":true,"href":"https:\/\/www.pcnen.com\/portal\/wp-json\/wp\/v2\/users\/1"}],"replies":[{"embeddable":true,"href":"https:\/\/www.pcnen.com\/portal\/wp-json\/wp\/v2\/comments?post=358303"}],"version-history":[{"count":3,"href":"https:\/\/www.pcnen.com\/portal\/wp-json\/wp\/v2\/posts\/358303\/revisions"}],"predecessor-version":[{"id":358308,"href":"https:\/\/www.pcnen.com\/portal\/wp-json\/wp\/v2\/posts\/358303\/revisions\/358308"}],"wp:attachment":[{"href":"https:\/\/www.pcnen.com\/portal\/wp-json\/wp\/v2\/media?parent=358303"}],"wp:term":[{"taxonomy":"category","embeddable":true,"href":"https:\/\/www.pcnen.com\/portal\/wp-json\/wp\/v2\/categories?post=358303"},{"taxonomy":"post_tag","embeddable":true,"href":"https:\/\/www.pcnen.com\/portal\/wp-json\/wp\/v2\/tags?post=358303"}],"curies":[{"name":"wp","href":"https:\/\/api.w.org\/{rel}","templated":true}]}}