{"id":358280,"date":"2022-11-04T13:31:56","date_gmt":"2022-11-04T12:31:56","guid":{"rendered":"https:\/\/www.pcnen.com\/portal\/?p=358280"},"modified":"2022-11-04T13:32:26","modified_gmt":"2022-11-04T12:32:26","slug":"mi-ili-oni-2","status":"publish","type":"post","link":"https:\/\/www.pcnen.com\/portal\/2022\/11\/04\/mi-ili-oni-2\/","title":{"rendered":"Mi ili On(i)"},"content":{"rendered":"<p>\u201eOsvajanje slobode\u201c od 30.08.2020. godine sigurnim korakom se pretvorilo u bezakonje, razo\u010daranost i apatiju. Po\u017ear nacionalizma rasplamsan tada, koji u me\u0111uvremenu &#8211; istina je \u2013 slabi, ipak opstaje kao glavni nam energent. Energetska i svaka druga kriza u svijetu nam ne mogu ni\u0161ta, koliko li nekad nepravedne i ni\u010dim zaslu\u017eene sankcije, dok god vatreno branimo svoje na ra\u010dun drugih.<\/p>\n<p>Osvojenom slobodom najprije smo osvojili, tj. usvojili dr\u017eavne ustanove, umjesto njihovih postavili na\u0161e, \u0161to nam je i bio davni izborni slogan.<\/p>\n<p>Osvojenom slobodom na\u0161i su smijenili njihove, pozapo\u0161ljavali na\u0161e. Dosta je bilo njihovog. Najzad je do\u0161ao red da Mi budemo Oni.<\/p>\n<p>Za samo dvije godine, postali smo Oni, s tim da dok su vladali Oni bilo je reda u svemu, pa i u plja\u010dki.<\/p>\n<p>Oni su zarobili dr\u017eavu, Mi smo, oslobodiv\u0161i je, od nje napravili provizorijum. Dr\u017eava nam funkcioni\u0161e po inerciji. Institucija nemamo, \u010dast dijelu tu\u017eila\u0161tva.<\/p>\n<p>Da li su bolje zarobljene institucije ili da ih upo\u0161te nema?<\/p>\n<p>Da li je bolje imati korumpirane ministre i \u010dinovnike &#8211; od kojih bar neki znaju svoj posao &#8211; i isto\u00a0 takve \u010dinovnike ili totalne amatere?<\/p>\n<p>Da le je bolje imati Vladu koja funkcioni\u0161e, ali je prvenstveno servis jedne partije i jednog \u010dovjeka, ili Vladu koja je potpuno neznavena i disfunkcionalna, bez autoriteta i legimiteta?<\/p>\n<p>Da li je bolje pove\u0107ati plate, penzije i uvesti razna socijalna davanja na ime enormnog zadu\u017eivanja ili se bolje postepeno zadu\u017eivati bez pove\u0107anja plata, penzija i socijalnih davanja koja nemaju realnu ekonomsku podlogu? (svaki dug kad-tad do\u0111e na naplatu)?<\/p>\n<p>Da li je odgovor na njihovo kr\u0161enje Ustava jo\u0161 o\u010diglednije na\u0161e kr\u0161enje istog?<\/p>\n<p>Ovo su pitanja koja, sebi prije svega, ne\u0107emo da postavimo.<\/p>\n<p>Dr\u017eava bez Ustavnog suda je ne samo formalno ve\u0107 i su\u0161tinski dr\u017eava bezakonja.<\/p>\n<p>Mi smo Oni, Oni su Mi, samo uglavnom druga\u010dijeg nacionalnog predznaka. Najgori bi bilo kada bi se pojavili neki koji nijesu kao Mi, ili bar kao Oni. Sa takvima bi nam ubrzo postalo dosadno, nestalo\u00a0 bi u nama one vatre koja nas grije kad nam je najhladnije, a nestali bi i Mi, kao i On(i).<\/p>\n","protected":false},"excerpt":{"rendered":"<p>Pi\u0161e: Omer \u0160ARKI\u0106<\/p>\n","protected":false},"author":12,"featured_media":286086,"comment_status":"open","ping_status":"closed","sticky":false,"template":"","format":"standard","meta":{"_seopress_robots_primary_cat":"","_seopress_titles_title":"","_seopress_titles_desc":"","_seopress_robots_index":"","_et_pb_use_builder":"","_et_pb_old_content":"","_et_gb_content_width":"","inline_featured_image":false,"footnotes":""},"categories":[17],"tags":[1169],"class_list":["post-358280","post","type-post","status-publish","format-standard","has-post-thumbnail","hentry","category-blogovi","tag-omer-sarkic"],"_links":{"self":[{"href":"https:\/\/www.pcnen.com\/portal\/wp-json\/wp\/v2\/posts\/358280","targetHints":{"allow":["GET"]}}],"collection":[{"href":"https:\/\/www.pcnen.com\/portal\/wp-json\/wp\/v2\/posts"}],"about":[{"href":"https:\/\/www.pcnen.com\/portal\/wp-json\/wp\/v2\/types\/post"}],"author":[{"embeddable":true,"href":"https:\/\/www.pcnen.com\/portal\/wp-json\/wp\/v2\/users\/12"}],"replies":[{"embeddable":true,"href":"https:\/\/www.pcnen.com\/portal\/wp-json\/wp\/v2\/comments?post=358280"}],"version-history":[{"count":2,"href":"https:\/\/www.pcnen.com\/portal\/wp-json\/wp\/v2\/posts\/358280\/revisions"}],"predecessor-version":[{"id":358282,"href":"https:\/\/www.pcnen.com\/portal\/wp-json\/wp\/v2\/posts\/358280\/revisions\/358282"}],"wp:featuredmedia":[{"embeddable":true,"href":"https:\/\/www.pcnen.com\/portal\/wp-json\/wp\/v2\/media\/286086"}],"wp:attachment":[{"href":"https:\/\/www.pcnen.com\/portal\/wp-json\/wp\/v2\/media?parent=358280"}],"wp:term":[{"taxonomy":"category","embeddable":true,"href":"https:\/\/www.pcnen.com\/portal\/wp-json\/wp\/v2\/categories?post=358280"},{"taxonomy":"post_tag","embeddable":true,"href":"https:\/\/www.pcnen.com\/portal\/wp-json\/wp\/v2\/tags?post=358280"}],"curies":[{"name":"wp","href":"https:\/\/api.w.org\/{rel}","templated":true}]}}