{"id":358274,"date":"2022-11-04T11:20:59","date_gmt":"2022-11-04T10:20:59","guid":{"rendered":"https:\/\/www.pcnen.com\/portal\/?p=358274"},"modified":"2022-11-04T11:21:52","modified_gmt":"2022-11-04T10:21:52","slug":"kontrola-optuznice-protiv-vesne-medenice-17-novembra","status":"publish","type":"post","link":"https:\/\/www.pcnen.com\/portal\/2022\/11\/04\/kontrola-optuznice-protiv-vesne-medenice-17-novembra\/","title":{"rendered":"Kontrola optu\u017enice protiv Vesne Medenice 17. novembra"},"content":{"rendered":"<p>SDT je predalo optu\u017enicu protiv Vesne Medenice i jo\u0161 jednog broja lica zbog sumnje da su po\u010dinili te\u0161ka krivi\u010dna djela, uklju\u010duju\u0107i i stvaranje kriminalne organizacije.<\/p>\n<p>Osim Vesne i Milo\u0161a Medenice, optu\u017enica je podignuta i protiv Darka Lalovi\u0107a, Vasilija Petrovi\u0107a, Bojana i Marka Popovi\u0107a, Milice Vlahovi\u0107 Milosavljevi\u0107, Marka Vu\u010dini\u0107a, Milorada Medenice, Luke Bako\u010da, Petra Milutinovi\u0107a, Ivane Kova\u010devi\u0107, Radomira Rai\u010devi\u0107a, Marjana Bevenje, Steva Karaniki\u0107a i Gorana Jovanovi\u0107a i \u201eKopad Company\u201c DOO Nik\u0161i\u0107&#8230;<\/p>\n<p>Kako se navodi u optu\u017enici, oni se sumnji\u010de za krivi\u010dna djela stvaranje kriminalne organizacije, produ\u017eeno krivi\u010dno djelo krijum\u010darenje, produ\u017eeno krivi\u010dno djelo davanje mita, primanje mita, protivzakoniti uticaj i navo\u0111enje na protivzakoniti uticaj.<\/p>\n<p>SDT ih tereti i za zloupotrebu slu\u017ebenog polo\u017eaja, neovla\u0161\u0107enu proizvodnja, dr\u017eanje i stavljanje u promet opojnih droga, omogu\u0107avanje u\u017eivanja opojnih droga, nedozvoljeno dr\u017eanje oru\u017eja i eksplozivnih materija, te\u0161ku tjelesnu povreda i sprje\u010davanje dokazivanja.<\/p>\n<p><a href=\"https:\/\/www.pcnen.com\/portal\/?s=uhap%C5%A1ena+Vesna+Medenica\">VEZANE VIJESTI<\/a><\/p>\n","protected":false},"excerpt":{"rendered":"<p>Kontrola podignute optu\u017enice protiv biv\u0161e predsjednice Vrhovnog suda Vesne Medenice i ostalih okrivljenih zakazana je za 17. novembar, saznaje RTCG iz Vi\u0161eg suda.<\/p>\n","protected":false},"author":1,"featured_media":343415,"comment_status":"open","ping_status":"closed","sticky":false,"template":"","format":"standard","meta":{"_seopress_robots_primary_cat":"","_seopress_titles_title":"","_seopress_titles_desc":"","_seopress_robots_index":"","_et_pb_use_builder":"","_et_pb_old_content":"","_et_gb_content_width":"","inline_featured_image":false,"footnotes":""},"categories":[14],"tags":[],"class_list":["post-358274","post","type-post","status-publish","format-standard","has-post-thumbnail","hentry","category-vijesti"],"_links":{"self":[{"href":"https:\/\/www.pcnen.com\/portal\/wp-json\/wp\/v2\/posts\/358274","targetHints":{"allow":["GET"]}}],"collection":[{"href":"https:\/\/www.pcnen.com\/portal\/wp-json\/wp\/v2\/posts"}],"about":[{"href":"https:\/\/www.pcnen.com\/portal\/wp-json\/wp\/v2\/types\/post"}],"author":[{"embeddable":true,"href":"https:\/\/www.pcnen.com\/portal\/wp-json\/wp\/v2\/users\/1"}],"replies":[{"embeddable":true,"href":"https:\/\/www.pcnen.com\/portal\/wp-json\/wp\/v2\/comments?post=358274"}],"version-history":[{"count":2,"href":"https:\/\/www.pcnen.com\/portal\/wp-json\/wp\/v2\/posts\/358274\/revisions"}],"predecessor-version":[{"id":358276,"href":"https:\/\/www.pcnen.com\/portal\/wp-json\/wp\/v2\/posts\/358274\/revisions\/358276"}],"wp:featuredmedia":[{"embeddable":true,"href":"https:\/\/www.pcnen.com\/portal\/wp-json\/wp\/v2\/media\/343415"}],"wp:attachment":[{"href":"https:\/\/www.pcnen.com\/portal\/wp-json\/wp\/v2\/media?parent=358274"}],"wp:term":[{"taxonomy":"category","embeddable":true,"href":"https:\/\/www.pcnen.com\/portal\/wp-json\/wp\/v2\/categories?post=358274"},{"taxonomy":"post_tag","embeddable":true,"href":"https:\/\/www.pcnen.com\/portal\/wp-json\/wp\/v2\/tags?post=358274"}],"curies":[{"name":"wp","href":"https:\/\/api.w.org\/{rel}","templated":true}]}}