{"id":358268,"date":"2022-11-04T10:12:10","date_gmt":"2022-11-04T09:12:10","guid":{"rendered":"https:\/\/www.pcnen.com\/portal\/?p=358268"},"modified":"2022-11-04T10:12:10","modified_gmt":"2022-11-04T09:12:10","slug":"ciklona-eva-pogodice-cg-italiju-hrvatsku-i-grcku","status":"publish","type":"post","link":"https:\/\/www.pcnen.com\/portal\/2022\/11\/04\/ciklona-eva-pogodice-cg-italiju-hrvatsku-i-grcku\/","title":{"rendered":"Ciklona \u2018Eva\u2019 pogodi\u0107e CG, Italiju, Hrvatsku i Gr\u010dku"},"content":{"rendered":"<p>\u201cMi smo dali zeleno svjetlo da Italija objavi vijest o upozorenju za ovaj dio Evrope, jer \u0107e ona prva biti na udaru, u toku no\u0107i \u010detvrtak na petak. To je upozorenje na nivou Evrope, vr\u0161i se slu\u017ebeno imenovanje ciklona dodjeljivanjem imena, onda se on prati pod tim imenom i gdje \u0107e sve da izvr\u0161iti dejstvo. U \u010detvrtak i petak je na dejstvu na podru\u010dju Italije, a danas popodne i nave\u010de u Crnoj Gori i podru\u010dju Jadrana, u subotu je na udaru Gr\u010dka, 4. i 5. novembra&#8221;, kazao je Micev.<\/p>\n","protected":false},"excerpt":{"rendered":"<p>U koordinacija sa italijanskom meteorolo\u0161kom slu\u017ebom, u okviru evropske meteorolo\u0161ke slu\u017ebe, pripremili smo upozorenje\/informaciju na dejstvo ciklon &#8220;Eva&#8221; koji \u0107e pogoditi Italiju, a danas i Crnu Goru i Hrvatsku, kazao je meteorolog Branko Micev za Dan.<\/p>\n","protected":false},"author":1,"featured_media":301594,"comment_status":"open","ping_status":"closed","sticky":false,"template":"","format":"standard","meta":{"_seopress_robots_primary_cat":"","_seopress_titles_title":"","_seopress_titles_desc":"","_seopress_robots_index":"","_et_pb_use_builder":"","_et_pb_old_content":"","_et_gb_content_width":"","inline_featured_image":false,"footnotes":""},"categories":[14],"tags":[],"class_list":["post-358268","post","type-post","status-publish","format-standard","has-post-thumbnail","hentry","category-vijesti"],"_links":{"self":[{"href":"https:\/\/www.pcnen.com\/portal\/wp-json\/wp\/v2\/posts\/358268","targetHints":{"allow":["GET"]}}],"collection":[{"href":"https:\/\/www.pcnen.com\/portal\/wp-json\/wp\/v2\/posts"}],"about":[{"href":"https:\/\/www.pcnen.com\/portal\/wp-json\/wp\/v2\/types\/post"}],"author":[{"embeddable":true,"href":"https:\/\/www.pcnen.com\/portal\/wp-json\/wp\/v2\/users\/1"}],"replies":[{"embeddable":true,"href":"https:\/\/www.pcnen.com\/portal\/wp-json\/wp\/v2\/comments?post=358268"}],"version-history":[{"count":1,"href":"https:\/\/www.pcnen.com\/portal\/wp-json\/wp\/v2\/posts\/358268\/revisions"}],"predecessor-version":[{"id":358269,"href":"https:\/\/www.pcnen.com\/portal\/wp-json\/wp\/v2\/posts\/358268\/revisions\/358269"}],"wp:featuredmedia":[{"embeddable":true,"href":"https:\/\/www.pcnen.com\/portal\/wp-json\/wp\/v2\/media\/301594"}],"wp:attachment":[{"href":"https:\/\/www.pcnen.com\/portal\/wp-json\/wp\/v2\/media?parent=358268"}],"wp:term":[{"taxonomy":"category","embeddable":true,"href":"https:\/\/www.pcnen.com\/portal\/wp-json\/wp\/v2\/categories?post=358268"},{"taxonomy":"post_tag","embeddable":true,"href":"https:\/\/www.pcnen.com\/portal\/wp-json\/wp\/v2\/tags?post=358268"}],"curies":[{"name":"wp","href":"https:\/\/api.w.org\/{rel}","templated":true}]}}