{"id":358251,"date":"2022-11-03T20:49:25","date_gmt":"2022-11-03T19:49:25","guid":{"rendered":"https:\/\/www.pcnen.com\/portal\/?p=358251"},"modified":"2022-11-03T20:49:25","modified_gmt":"2022-11-03T19:49:25","slug":"ilickovic-dio-partija-zaprepascen-kao-da-nije-vec-krsen-ustav","status":"publish","type":"post","link":"https:\/\/www.pcnen.com\/portal\/2022\/11\/03\/ilickovic-dio-partija-zaprepascen-kao-da-nije-vec-krsen-ustav\/","title":{"rendered":"Ili\u010dkovi\u0107: Dio partija zaprepa\u0161\u0107en, kao da nije ve\u0107 kr\u0161en Ustav"},"content":{"rendered":"<p>&#8220;Neobi\u010dno je da je dio politi\u010dkih partija pa i javnosti zaprepa\u0161\u0107en kr\u0161enjem Ustava izglasavanjem izmjena i dopuna Zakona o predsjedniku Crne Gore. Kao da to nije ura\u0111eno sa izmjenama Zakona o lokalnoj samoupravi, to je tako\u0111e ura\u0111eno i sa izborom predsjednika op\u0161tina i Glavnog grada, zatim sa odvajanjem Zete od Podgorice u toku izbornog procesa&#8221;, istakao je Ili\u010dkovi\u0107, prenose Vijesti.<\/p>\n<p>On obja\u0161njava da je usvajanje spornih izmjena Zakona o predsjedniku samo nastavak prakse koja odavno postoji u Parlamentu i da zato mnogima i odgovara da ne do\u0111e do izbora sudija Ustavnog suda.<\/p>\n<p>&#8220;Ovo je samo jedno u nizu kr\u0161enja zakona i Ustava u kojem mi \u017eivimo kao gra\u0111ani i za sve ovo je postignut, \u0161to je posebno zabrinjavaju\u0107e, visok stepen konsenzusa me\u0111u politi\u010dkim partijama u Parlamentu i zbog toga nije bio potreban izbor sudija Ustavnog suda. Time su opet neustavno prigrabili pravo da oni sami tuma\u010de Ustav kao \u0161to to sami rade. Dakle, u svemu ovome nema niti nevinih niti neznavenih&#8221;, rekao je Ili\u010dkovi\u0107.<\/p>\n<blockquote><p><em>Skup\u0161tina Crne Gore usvojila je u no\u0107i izme\u0111u utorka i srijede izmjene Zakona o predsjedniku, glasovima 41 poslanika stare-nove ve\u0107ine, odnosno DF-a, Demokrata, SNP-a, GP URA, Ujedinjene i Prave Crne Gore.<\/em><\/p>\n<p><em>Ustavni sud Crne Gore nema kvorum za odlu\u010divanje od 13. septembra, kada je, penzionisanjem Ili\u010dkovi\u0107a ostao sa svega troje, od sedam sudija.<\/em><\/p>\n<p><em>Sudije Ustavnog suda biraju se u Skup\u0161tini Crne Gore, prema Ustavu, dvotre\u0107inskom ve\u0107inom u prvom krugu glasanja, odnosno tropetinskom u drugom.<\/em><\/p>\n<p><em>U prvom krugu glasanja 21. oktobra nijedan od \u010detiri predlo\u017eena kandidata za sudije (Sne\u017eana Armenko, Ilija Vuk\u010devi\u0107, Jadranka Novakovi\u0107 i Jelena Ru\u017ei\u010di\u0107) nije dobio potrebnu podr\u0161ku.<\/em><\/p>\n<p><em>Drugi krug glasanja odr\u017ea\u0107e se najkasnije mjesec dana od prvog.<\/em><\/p><\/blockquote>\n","protected":false},"excerpt":{"rendered":"<p>Donedavni sudija Ustavnog suda Miodrag Ili\u010dkovi\u0107 za TV Vijesti ka\u017ee da je Zakon o predsjedniku neustavan, ali i da je to samo nastavak usvajanja nezakonitih akata u parlamentu, zbog \u010dega politi\u010dkoj eliti odgovara da ne do\u0111e do izbora sudija Ustavnog suda.<\/p>\n","protected":false},"author":1,"featured_media":358253,"comment_status":"open","ping_status":"closed","sticky":false,"template":"","format":"standard","meta":{"_seopress_robots_primary_cat":"","_seopress_titles_title":"","_seopress_titles_desc":"","_seopress_robots_index":"","_et_pb_use_builder":"","_et_pb_old_content":"","_et_gb_content_width":"","inline_featured_image":false,"footnotes":""},"categories":[14],"tags":[],"class_list":["post-358251","post","type-post","status-publish","format-standard","has-post-thumbnail","hentry","category-vijesti"],"_links":{"self":[{"href":"https:\/\/www.pcnen.com\/portal\/wp-json\/wp\/v2\/posts\/358251","targetHints":{"allow":["GET"]}}],"collection":[{"href":"https:\/\/www.pcnen.com\/portal\/wp-json\/wp\/v2\/posts"}],"about":[{"href":"https:\/\/www.pcnen.com\/portal\/wp-json\/wp\/v2\/types\/post"}],"author":[{"embeddable":true,"href":"https:\/\/www.pcnen.com\/portal\/wp-json\/wp\/v2\/users\/1"}],"replies":[{"embeddable":true,"href":"https:\/\/www.pcnen.com\/portal\/wp-json\/wp\/v2\/comments?post=358251"}],"version-history":[{"count":1,"href":"https:\/\/www.pcnen.com\/portal\/wp-json\/wp\/v2\/posts\/358251\/revisions"}],"predecessor-version":[{"id":358254,"href":"https:\/\/www.pcnen.com\/portal\/wp-json\/wp\/v2\/posts\/358251\/revisions\/358254"}],"wp:featuredmedia":[{"embeddable":true,"href":"https:\/\/www.pcnen.com\/portal\/wp-json\/wp\/v2\/media\/358253"}],"wp:attachment":[{"href":"https:\/\/www.pcnen.com\/portal\/wp-json\/wp\/v2\/media?parent=358251"}],"wp:term":[{"taxonomy":"category","embeddable":true,"href":"https:\/\/www.pcnen.com\/portal\/wp-json\/wp\/v2\/categories?post=358251"},{"taxonomy":"post_tag","embeddable":true,"href":"https:\/\/www.pcnen.com\/portal\/wp-json\/wp\/v2\/tags?post=358251"}],"curies":[{"name":"wp","href":"https:\/\/api.w.org\/{rel}","templated":true}]}}