{"id":358228,"date":"2022-11-03T12:11:29","date_gmt":"2022-11-03T11:11:29","guid":{"rendered":"https:\/\/www.pcnen.com\/portal\/?p=358228"},"modified":"2022-11-03T12:11:29","modified_gmt":"2022-11-03T11:11:29","slug":"ponos-zloupotreba-sistema-u-dnevno-politicke-svrhe","status":"publish","type":"post","link":"https:\/\/www.pcnen.com\/portal\/2022\/11\/03\/ponos-zloupotreba-sistema-u-dnevno-politicke-svrhe\/","title":{"rendered":"Pono\u0161: Zloupotreba sistema u dnevno &#8211; politi\u010dke svrhe"},"content":{"rendered":"<p>Pono\u0161, biv\u0161i na\u010delnik Gneral\u0161ataba Vojske Srbije (VS), je za Nova S kazao da je predsjednik Srbije &#8220;besmisleno&#8221; podigao vojnu avijaciju da bi ru\u0161io komercijalni dron.<\/p>\n<p>On je ocijenio to i kao &#8220;zloupotrebu skupog i va\u017enog sistema u dnevno-politi\u010dke svrhe&#8221;. Upitao je i da li bi dron bio oboren da predsjednik Srbije Aleksandar Vu\u010di\u0107 nije to naredio, kao \u0161to su istakli dr\u017eavni \u010delnici.<\/p>\n<p>Prema njegovim rije\u010dima, ako je vojni objekat ugro\u017een nekim dronom, onda se ne obavje\u0161tava predsjednik dr\u017eave i ne \u010deka se da on ne\u0161to naredi, nego se takva prijetnja elimini\u0161e.<\/p>\n<p>&#8220;Besmisleno je da se najpre obave\u0161tava javnost o takvoj pretnji, a jo\u0161 je besmislenije da \u0161ef dr\u017eave nare\u0111uje upotrebu borbene avijacije protiv komercijanog drona&#8221;, rekao je Pono\u0161.<\/p>\n<p>On je dodao da je uvjeren da takav postupak nije predlo\u017eio General\u0161tab VS &#8220;nego medijski savetnici predsednika&#8221;.<\/p>\n<blockquote class=\"wp-embedded-content\" data-secret=\"7CR2DI5ImU\"><p><a href=\"https:\/\/www.pcnen.com\/portal\/2022\/11\/02\/mos-dronovi-dosli-sa-kosova\/\">MOS: Dronovi do\u0161li sa Kosova<\/a><\/p><\/blockquote>\n<p><iframe loading=\"lazy\" class=\"wp-embedded-content\" sandbox=\"allow-scripts\" security=\"restricted\" style=\"position: absolute; clip: rect(1px, 1px, 1px, 1px);\" title=\"&#8220;MOS: Dronovi do\u0161li sa Kosova&#8221; &#8212; PCNEN\" src=\"https:\/\/www.pcnen.com\/portal\/2022\/11\/02\/mos-dronovi-dosli-sa-kosova\/embed\/#?secret=qqkwScDZHD#?secret=7CR2DI5ImU\" data-secret=\"7CR2DI5ImU\" width=\"600\" height=\"338\" frameborder=\"0\" marginwidth=\"0\" marginheight=\"0\" scrolling=\"no\"><\/iframe><\/p>\n","protected":false},"excerpt":{"rendered":"<p>Lider pokreta Srbija centar \u2013 SRCE, Zdravko Pono\u0161 je ocijenio da vlast zloupotreblja Ministarstvo odbrane i Vojsku Srbije u dnevno politi\u010dke svrhe, saop\u0161tio je danas taj pokret. a prenosi agencije Beta.<\/p>\n","protected":false},"author":1,"featured_media":302586,"comment_status":"open","ping_status":"closed","sticky":false,"template":"","format":"standard","meta":{"_seopress_robots_primary_cat":"","_seopress_titles_title":"","_seopress_titles_desc":"","_seopress_robots_index":"","_et_pb_use_builder":"","_et_pb_old_content":"","_et_gb_content_width":"","inline_featured_image":false,"footnotes":""},"categories":[14],"tags":[],"class_list":["post-358228","post","type-post","status-publish","format-standard","has-post-thumbnail","hentry","category-vijesti"],"_links":{"self":[{"href":"https:\/\/www.pcnen.com\/portal\/wp-json\/wp\/v2\/posts\/358228","targetHints":{"allow":["GET"]}}],"collection":[{"href":"https:\/\/www.pcnen.com\/portal\/wp-json\/wp\/v2\/posts"}],"about":[{"href":"https:\/\/www.pcnen.com\/portal\/wp-json\/wp\/v2\/types\/post"}],"author":[{"embeddable":true,"href":"https:\/\/www.pcnen.com\/portal\/wp-json\/wp\/v2\/users\/1"}],"replies":[{"embeddable":true,"href":"https:\/\/www.pcnen.com\/portal\/wp-json\/wp\/v2\/comments?post=358228"}],"version-history":[{"count":1,"href":"https:\/\/www.pcnen.com\/portal\/wp-json\/wp\/v2\/posts\/358228\/revisions"}],"predecessor-version":[{"id":358229,"href":"https:\/\/www.pcnen.com\/portal\/wp-json\/wp\/v2\/posts\/358228\/revisions\/358229"}],"wp:featuredmedia":[{"embeddable":true,"href":"https:\/\/www.pcnen.com\/portal\/wp-json\/wp\/v2\/media\/302586"}],"wp:attachment":[{"href":"https:\/\/www.pcnen.com\/portal\/wp-json\/wp\/v2\/media?parent=358228"}],"wp:term":[{"taxonomy":"category","embeddable":true,"href":"https:\/\/www.pcnen.com\/portal\/wp-json\/wp\/v2\/categories?post=358228"},{"taxonomy":"post_tag","embeddable":true,"href":"https:\/\/www.pcnen.com\/portal\/wp-json\/wp\/v2\/tags?post=358228"}],"curies":[{"name":"wp","href":"https:\/\/api.w.org\/{rel}","templated":true}]}}