{"id":358224,"date":"2022-11-03T10:37:40","date_gmt":"2022-11-03T09:37:40","guid":{"rendered":"https:\/\/www.pcnen.com\/portal\/?p=358224"},"modified":"2022-11-03T10:38:22","modified_gmt":"2022-11-03T09:38:22","slug":"sest-nvo-pozvale-partije-da-hitno-rijese-politicku-krizu","status":"publish","type":"post","link":"https:\/\/www.pcnen.com\/portal\/2022\/11\/03\/sest-nvo-pozvale-partije-da-hitno-rijese-politicku-krizu\/","title":{"rendered":"\u0160est NVO pozvale partije da hitno rije\u0161e politi\u010dku krizu"},"content":{"rendered":"<p>U saop\u0161tenju koje potpisuju Gra\u0111anska alijansa, ADP Zid, LGBT Forum progres, ROM \u201ePhiren Amenca \u2013 Kora\u010dajte s nama\u201c, Inicijativa mladih za ljudska prava i LGBTIQ Socijalni centar navode da se institucionalna i politi\u010dka kriza u na\u0161oj dr\u017eavi svakim danom pogor\u0161ava i da ozbiljno prijeti uru\u0161avanju pravnog sistema Crne Gore.<\/p>\n<p>\u201cPoliti\u010dki subjekti moraju pokazati politi\u010dku i dr\u017eavni\u010dku zrelost kako se trenutna pravna nesigurnost ne bi dalje produbljivala, ve\u0107 vodila rje\u0161enjima koja su u korist gra\u0111ana. Politi\u010dki dijalog je neophodan kako bismo iza\u0161li iz trenutnog stanja koje mo\u017ee imati trajno lo\u0161e posljedice po kompletno dru\u0161tvo, ali i predstavljati ozbiljnu ko\u010dnicu na putu ka Evropskoj uniji\u201d, poru\u010duju iz NVO sektora.<\/p>\n<p>Ka\u017eu da je rje\u0161avanje pitanja pravosu\u0111a jedan od hitnih koraka koji se moraju preduzeti u tom pravcu i politi\u010dki subjekti ga moraju tretirati kao prioritet.<\/p>\n<p>\u201cUkazujemo i na izra\u017eenu zabrinutost me\u0111unarodnih partnera koji jasno ukazuju na odgovornost politi\u010dkih subjekata i pozivaju na dijalog radi rje\u0161avanja nastale situacije. Ukoliko ipak ne uspiju do\u0107i do dijaloga, vjerujemo da me\u0111unarodna zajednica u Crnoj Gori treba da razmotri i direktniju pomo\u0107 u procesu uspostavljanja dijaloga i ustavne ravnote\u017ee Crne Gore\u201d, navodi se u saop\u0161tenju \u0161est nevladinih organizacija.<\/p>\n<p>Pozivaju i kolege iz ostatka civilnog sektora da daju svoj doprinos u pronala\u017eenju najboljeg rje\u0161enja, ali i akademsku zajednicu, koja se, kako ka\u017eu, mora aktivnije uklju\u010diti u uspostavljanje institucionalne i funkcionalne demokratije.<\/p>\n<p>\u201c\u017delimo da vjerujemo da je Crna Gora dovoljno demokratski zrela i da ipak mo\u017ee rije\u0161iti nastalu situaciju u duhu demokratskih dr\u017eava i u skladu sa demokratskim standardima\u201d, zaklju\u010duje se u saop\u0161tenju nevladinih organizacija.<\/p>\n","protected":false},"excerpt":{"rendered":"<p>Grupa nevladinih organizacija pozivala je politi\u010dke partije i njihove predstavnike da hitno rije\u0161e politi\u010dku krizu, a koja, kako ka\u017eu u NVO sektoru, gura dr\u017eavu u sve dublji jaz iz kojeg se ne nazire izlaz.<\/p>\n","protected":false},"author":1,"featured_media":0,"comment_status":"open","ping_status":"closed","sticky":false,"template":"","format":"standard","meta":{"_seopress_robots_primary_cat":"","_seopress_titles_title":"","_seopress_titles_desc":"","_seopress_robots_index":"","_et_pb_use_builder":"","_et_pb_old_content":"","_et_gb_content_width":"","inline_featured_image":false,"footnotes":""},"categories":[14],"tags":[],"class_list":["post-358224","post","type-post","status-publish","format-standard","hentry","category-vijesti"],"_links":{"self":[{"href":"https:\/\/www.pcnen.com\/portal\/wp-json\/wp\/v2\/posts\/358224","targetHints":{"allow":["GET"]}}],"collection":[{"href":"https:\/\/www.pcnen.com\/portal\/wp-json\/wp\/v2\/posts"}],"about":[{"href":"https:\/\/www.pcnen.com\/portal\/wp-json\/wp\/v2\/types\/post"}],"author":[{"embeddable":true,"href":"https:\/\/www.pcnen.com\/portal\/wp-json\/wp\/v2\/users\/1"}],"replies":[{"embeddable":true,"href":"https:\/\/www.pcnen.com\/portal\/wp-json\/wp\/v2\/comments?post=358224"}],"version-history":[{"count":2,"href":"https:\/\/www.pcnen.com\/portal\/wp-json\/wp\/v2\/posts\/358224\/revisions"}],"predecessor-version":[{"id":358226,"href":"https:\/\/www.pcnen.com\/portal\/wp-json\/wp\/v2\/posts\/358224\/revisions\/358226"}],"wp:attachment":[{"href":"https:\/\/www.pcnen.com\/portal\/wp-json\/wp\/v2\/media?parent=358224"}],"wp:term":[{"taxonomy":"category","embeddable":true,"href":"https:\/\/www.pcnen.com\/portal\/wp-json\/wp\/v2\/categories?post=358224"},{"taxonomy":"post_tag","embeddable":true,"href":"https:\/\/www.pcnen.com\/portal\/wp-json\/wp\/v2\/tags?post=358224"}],"curies":[{"name":"wp","href":"https:\/\/api.w.org\/{rel}","templated":true}]}}