{"id":358166,"date":"2022-11-02T11:22:18","date_gmt":"2022-11-02T10:22:18","guid":{"rendered":"https:\/\/www.pcnen.com\/portal\/?p=358166"},"modified":"2022-11-02T11:23:31","modified_gmt":"2022-11-02T10:23:31","slug":"mans-novoj-vecini-sve-je-relativno","status":"publish","type":"post","link":"https:\/\/www.pcnen.com\/portal\/2022\/11\/02\/mans-novoj-vecini-sve-je-relativno\/","title":{"rendered":"MANS: Novoj ve\u0107ini sve je relativno"},"content":{"rendered":"<blockquote class=\"twitter-tweet\">\n<p dir=\"ltr\" lang=\"und\">Interesi partija su va\u017eniji od Ustava i volje gra\u0111ana. Umjesto Ustavne nadle\u017enosti Predsjednika CG, potpisiva\u0107e se peticija. Gdje je granica? Novoj ve\u0107ini sve je relativno, pa i Ustav, samo da izbora ne bude.<\/p>\n<p>\u2014 NVO MANS (@NVOMANS) <a href=\"https:\/\/twitter.com\/NVOMANS\/status\/1587744956461944833?ref_src=twsrc%5Etfw\">November 2, 2022<\/a><\/p><\/blockquote>\n<p><script async src=\"https:\/\/platform.twitter.com\/widgets.js\" charset=\"utf-8\"><\/script><\/p>\n<blockquote class=\"wp-embedded-content\" data-secret=\"7noEBzgUYo\"><p><a href=\"https:\/\/www.pcnen.com\/portal\/2022\/11\/02\/skupstina-izmijenila-i-dopunila-zakon-o-predsjedniku-cg-video\/\">Skup\u0161tina izmijenila i dopunila Zakon o predsjedniku CG (video)<\/a><\/p><\/blockquote>\n<p><iframe loading=\"lazy\" class=\"wp-embedded-content\" sandbox=\"allow-scripts\" security=\"restricted\" style=\"position: absolute; clip: rect(1px, 1px, 1px, 1px);\" title=\"&#8220;Skup\u0161tina izmijenila i dopunila Zakon o predsjedniku CG (video)&#8221; &#8212; PCNEN\" src=\"https:\/\/www.pcnen.com\/portal\/2022\/11\/02\/skupstina-izmijenila-i-dopunila-zakon-o-predsjedniku-cg-video\/embed\/#?secret=ZVkMdO1ynA#?secret=7noEBzgUYo\" data-secret=\"7noEBzgUYo\" width=\"600\" height=\"338\" frameborder=\"0\" marginwidth=\"0\" marginheight=\"0\" scrolling=\"no\"><\/iframe><\/p>\n","protected":false},"excerpt":{"rendered":"<p>Mre\u017ea za afirmaciju nevladinog sektora (MANS) je na Tviteru reagovala povodom usvajanja izmjena Zakona o predsjedniku Crne Gore, navode\u0107i da je rije\u010d o kr\u0161enju Ustava.<\/p>\n","protected":false},"author":1,"featured_media":0,"comment_status":"open","ping_status":"closed","sticky":false,"template":"","format":"standard","meta":{"_seopress_robots_primary_cat":"","_seopress_titles_title":"","_seopress_titles_desc":"","_seopress_robots_index":"","_et_pb_use_builder":"","_et_pb_old_content":"","_et_gb_content_width":"","inline_featured_image":false,"footnotes":""},"categories":[14],"tags":[],"class_list":["post-358166","post","type-post","status-publish","format-standard","hentry","category-vijesti"],"_links":{"self":[{"href":"https:\/\/www.pcnen.com\/portal\/wp-json\/wp\/v2\/posts\/358166","targetHints":{"allow":["GET"]}}],"collection":[{"href":"https:\/\/www.pcnen.com\/portal\/wp-json\/wp\/v2\/posts"}],"about":[{"href":"https:\/\/www.pcnen.com\/portal\/wp-json\/wp\/v2\/types\/post"}],"author":[{"embeddable":true,"href":"https:\/\/www.pcnen.com\/portal\/wp-json\/wp\/v2\/users\/1"}],"replies":[{"embeddable":true,"href":"https:\/\/www.pcnen.com\/portal\/wp-json\/wp\/v2\/comments?post=358166"}],"version-history":[{"count":2,"href":"https:\/\/www.pcnen.com\/portal\/wp-json\/wp\/v2\/posts\/358166\/revisions"}],"predecessor-version":[{"id":358168,"href":"https:\/\/www.pcnen.com\/portal\/wp-json\/wp\/v2\/posts\/358166\/revisions\/358168"}],"wp:attachment":[{"href":"https:\/\/www.pcnen.com\/portal\/wp-json\/wp\/v2\/media?parent=358166"}],"wp:term":[{"taxonomy":"category","embeddable":true,"href":"https:\/\/www.pcnen.com\/portal\/wp-json\/wp\/v2\/categories?post=358166"},{"taxonomy":"post_tag","embeddable":true,"href":"https:\/\/www.pcnen.com\/portal\/wp-json\/wp\/v2\/tags?post=358166"}],"curies":[{"name":"wp","href":"https:\/\/api.w.org\/{rel}","templated":true}]}}