{"id":358164,"date":"2022-11-02T11:07:25","date_gmt":"2022-11-02T10:07:25","guid":{"rendered":"https:\/\/www.pcnen.com\/portal\/?p=358164"},"modified":"2022-11-02T11:07:25","modified_gmt":"2022-11-02T10:07:25","slug":"mos-dronovi-dosli-sa-kosova","status":"publish","type":"post","link":"https:\/\/www.pcnen.com\/portal\/2022\/11\/02\/mos-dronovi-dosli-sa-kosova\/","title":{"rendered":"MOS: Dronovi do\u0161li sa Kosova"},"content":{"rendered":"<p>Vu\u010devi\u0107 je za RTS izjavio da je Vu\u010di\u0107, povodom pojave dronova, &#8220;izdao naredbu da svaki takav objekat bude eliminisan ili stavljen pod na\u0161u kontrolu&#8221;, ali da lovci mig-29 nijesu podignuti zbog dronova, ve\u0107 da oni &#8220;patroliraju na\u0161im nebom&#8221;.<\/p>\n<p>Prema njegovim rije\u010dima, &#8220;vojska mo\u017ee topovima&#8221;, i na druge na\u010dine, &#8220;da odgovori na ove izazove&#8221;, prenosi Beta.<\/p>\n<p>Vu\u010devi\u0107 je naveo da su svi uo\u010deni dronovi dolazili iz dva pravca sa Kosova, uz liniju Kopnene zone bezbjednosti, s &#8220;povremenim ulazima na teritoriju centralne Srbije i poku\u0161ajima da se vr\u0161i osmatranje polo\u017eaja jedinica Vojske Srbije i pojedinih objekata&#8221;.<\/p>\n<p>Dodao je da &#8220;Vojska Srbije ima saznanja&#8221; da dronovi nijesu uo\u010deni samo u Ra\u0161kom okrugu, ve\u0107 i u Topli\u010dkom i Ni\u0161avskom okrugu.<\/p>\n<p>&#8220;Imaju\u0107i iskustva na ukrajinskom frontu predsjednik Srbije Aleksandar Vu\u010di\u0107 je kao vrhovni komandant izdao naredbu da svaki takav objekat bude eliminisan. Na\u0161i lovci, migovi-29 nijesu patrolirali zbog dronova, oni su vr\u0161ili redovno patroliranje i kontrolu na\u0161eg neba. Vojska mo\u017ee topovima da odgovori na ove izazove&#8221;, rekao je Vu\u010devi\u0107.<\/p>\n<p>Ministar odbrane Srbije je rekao da su &#8220;neta\u010dni&#8221; naslovi pri\u0161tinskih medija &#8220;da se vojska koncentri\u0161e na administrativnim linijama&#8221; sa Kosovom, ve\u0107 da se radi o vje\u017ebama koje se odvijaju u cijeloj Srbiji pod nazivom &#8220;Manevri 22&#8221;.<\/p>\n<p>&#8220;Bezbjednosni rizici ne mogu da ka\u017eem da ne postoje, prije svega zbog neodgovornog pona\u0161anja administracije u Pri\u0161tini, ali Srbija ne \u017eeli nikakave ratove&#8221;, kazao je Vu\u010devi\u0107.<\/p>\n<p>&nbsp;<\/p>\n<blockquote class=\"wp-embedded-content\" data-secret=\"pI6tsIoMMU\"><p><a href=\"https:\/\/www.pcnen.com\/portal\/2022\/11\/01\/dronovi-osmatrali-kasarne-u-srbiji-vucic-podigao-migove-video\/\">Dronovi osmatrali kasarne u Srbiji, Vu\u010di\u0107 podigao \u2018migove\u2019 (video)<\/a><\/p><\/blockquote>\n<p><iframe loading=\"lazy\" class=\"wp-embedded-content\" sandbox=\"allow-scripts\" security=\"restricted\" style=\"position: absolute; clip: rect(1px, 1px, 1px, 1px);\" title=\"&#8220;Dronovi osmatrali kasarne u Srbiji, Vu\u010di\u0107 podigao \u2018migove\u2019 (video)&#8221; &#8212; PCNEN\" src=\"https:\/\/www.pcnen.com\/portal\/2022\/11\/01\/dronovi-osmatrali-kasarne-u-srbiji-vucic-podigao-migove-video\/embed\/#?secret=rgXDlpTrQB#?secret=pI6tsIoMMU\" data-secret=\"pI6tsIoMMU\" width=\"600\" height=\"338\" frameborder=\"0\" marginwidth=\"0\" marginheight=\"0\" scrolling=\"no\"><\/iframe><\/p>\n","protected":false},"excerpt":{"rendered":"<p>Ministar odbrane Srbije Milo\u0161 Vu\u010devi\u0107 izjavio je danas da je predsjednik Aleksandar Vu\u010di\u0107 izdao naredbu za podizanje borbene gotovosti odmah nakon \u0161to su uo\u010deni dronovi koji su ulazili na teritoriju centralne Srbije sa Kosova, &#8220;imaju\u0107i u vidu iskustva na ukrajinskom frontu&#8221;, da ne bi dolazilo do administrativnih ka\u0161njenja u lancu komande.<\/p>\n","protected":false},"author":1,"featured_media":344828,"comment_status":"open","ping_status":"closed","sticky":false,"template":"","format":"standard","meta":{"_seopress_robots_primary_cat":"","_seopress_titles_title":"","_seopress_titles_desc":"","_seopress_robots_index":"","_et_pb_use_builder":"","_et_pb_old_content":"","_et_gb_content_width":"","inline_featured_image":false,"footnotes":""},"categories":[14],"tags":[],"class_list":["post-358164","post","type-post","status-publish","format-standard","has-post-thumbnail","hentry","category-vijesti"],"_links":{"self":[{"href":"https:\/\/www.pcnen.com\/portal\/wp-json\/wp\/v2\/posts\/358164","targetHints":{"allow":["GET"]}}],"collection":[{"href":"https:\/\/www.pcnen.com\/portal\/wp-json\/wp\/v2\/posts"}],"about":[{"href":"https:\/\/www.pcnen.com\/portal\/wp-json\/wp\/v2\/types\/post"}],"author":[{"embeddable":true,"href":"https:\/\/www.pcnen.com\/portal\/wp-json\/wp\/v2\/users\/1"}],"replies":[{"embeddable":true,"href":"https:\/\/www.pcnen.com\/portal\/wp-json\/wp\/v2\/comments?post=358164"}],"version-history":[{"count":1,"href":"https:\/\/www.pcnen.com\/portal\/wp-json\/wp\/v2\/posts\/358164\/revisions"}],"predecessor-version":[{"id":358165,"href":"https:\/\/www.pcnen.com\/portal\/wp-json\/wp\/v2\/posts\/358164\/revisions\/358165"}],"wp:featuredmedia":[{"embeddable":true,"href":"https:\/\/www.pcnen.com\/portal\/wp-json\/wp\/v2\/media\/344828"}],"wp:attachment":[{"href":"https:\/\/www.pcnen.com\/portal\/wp-json\/wp\/v2\/media?parent=358164"}],"wp:term":[{"taxonomy":"category","embeddable":true,"href":"https:\/\/www.pcnen.com\/portal\/wp-json\/wp\/v2\/categories?post=358164"},{"taxonomy":"post_tag","embeddable":true,"href":"https:\/\/www.pcnen.com\/portal\/wp-json\/wp\/v2\/tags?post=358164"}],"curies":[{"name":"wp","href":"https:\/\/api.w.org\/{rel}","templated":true}]}}