{"id":358160,"date":"2022-11-02T09:30:36","date_gmt":"2022-11-02T08:30:36","guid":{"rendered":"https:\/\/www.pcnen.com\/portal\/?p=358160"},"modified":"2022-11-02T09:30:36","modified_gmt":"2022-11-02T08:30:36","slug":"marovic-sporno-je-mijenjati-ustav-zakonom","status":"publish","type":"post","link":"https:\/\/www.pcnen.com\/portal\/2022\/11\/02\/marovic-sporno-je-mijenjati-ustav-zakonom\/","title":{"rendered":"Marovi\u0107: Sporno je mijenjati Ustav zakonom"},"content":{"rendered":"<p>\u201cMislim da je na neki na\u010din sporno mijenjati Ustav zakonom i da je to ne\u0161to \u0161to \u0107e mo\u017eda potencijalno i donijeti odre\u0111enu stabilnost, ali sa aspekta same procedure jeste sporno\u201d, rekla je Marovi\u0107 za TVCG.<\/p>\n<p>\u201cSa aspekta EU integracija postavlja se pitanje da li nas ove \u010deste promjene vode ka 2\/3 ve\u0107ini. Ja mislim da ne i da ovo samo na neki na\u010din spaja straru parlamentarnu ve\u0107inu\u201d, navela je Marovi\u0107.<\/p>\n<p>Na pitanje da li izmjene tog zakona mogu biti ko\u010dnica na putu ka EU, Marovi\u0107 poru\u010duje kako takvi potezi nijesu korak ka dogovoru oko naimenovanja u pravosu\u0111u.<\/p>\n<p>\u201cNa prvom mjestu mora da postoji politi\u010dki dijalog kako bi postigli potrebnu 2\/3 ve\u0107inu ili u drugom krugu 49 poslanika, tako da ovo mislim da nije korak koji vodi ka toj ve\u0107ini, ali evo ostaje da vidimo\u201d, poru\u010dila je Marovi\u0107, prenosi RTCG.<\/p>\n<p>&nbsp;<\/p>\n<blockquote class=\"wp-embedded-content\" data-secret=\"pO0C0Cxp1y\"><p><a href=\"https:\/\/www.pcnen.com\/portal\/2022\/11\/02\/skupstina-izmijenila-i-dopunila-zakon-o-predsjedniku-cg-video\/\">Skup\u0161tina izmijenila i dopunila Zakon o predsjedniku CG (video)<\/a><\/p><\/blockquote>\n<p><iframe loading=\"lazy\" class=\"wp-embedded-content\" sandbox=\"allow-scripts\" security=\"restricted\" style=\"position: absolute; clip: rect(1px, 1px, 1px, 1px);\" title=\"&#8220;Skup\u0161tina izmijenila i dopunila Zakon o predsjedniku CG (video)&#8221; &#8212; PCNEN\" src=\"https:\/\/www.pcnen.com\/portal\/2022\/11\/02\/skupstina-izmijenila-i-dopunila-zakon-o-predsjedniku-cg-video\/embed\/#?secret=wph2ee08em#?secret=pO0C0Cxp1y\" data-secret=\"pO0C0Cxp1y\" width=\"600\" height=\"338\" frameborder=\"0\" marginwidth=\"0\" marginheight=\"0\" scrolling=\"no\"><\/iframe><\/p>\n","protected":false},"excerpt":{"rendered":"<p>Usvajanje izmjena Zakona o predsjedniku Crne Gore sporno je sa aspekta same procedure i \u010dinjenice da se Ustav mijenja zakonom, poru\u010dila je potpredsjednica Vlade i ministarka evropskih poslova u tehni\u010dkom mandatu Jovana Marovi\u0107.<\/p>\n","protected":false},"author":1,"featured_media":301485,"comment_status":"open","ping_status":"closed","sticky":false,"template":"","format":"standard","meta":{"_seopress_robots_primary_cat":"","_seopress_titles_title":"","_seopress_titles_desc":"","_seopress_robots_index":"","_et_pb_use_builder":"","_et_pb_old_content":"","_et_gb_content_width":"","inline_featured_image":false,"footnotes":""},"categories":[14],"tags":[],"class_list":["post-358160","post","type-post","status-publish","format-standard","has-post-thumbnail","hentry","category-vijesti"],"_links":{"self":[{"href":"https:\/\/www.pcnen.com\/portal\/wp-json\/wp\/v2\/posts\/358160","targetHints":{"allow":["GET"]}}],"collection":[{"href":"https:\/\/www.pcnen.com\/portal\/wp-json\/wp\/v2\/posts"}],"about":[{"href":"https:\/\/www.pcnen.com\/portal\/wp-json\/wp\/v2\/types\/post"}],"author":[{"embeddable":true,"href":"https:\/\/www.pcnen.com\/portal\/wp-json\/wp\/v2\/users\/1"}],"replies":[{"embeddable":true,"href":"https:\/\/www.pcnen.com\/portal\/wp-json\/wp\/v2\/comments?post=358160"}],"version-history":[{"count":1,"href":"https:\/\/www.pcnen.com\/portal\/wp-json\/wp\/v2\/posts\/358160\/revisions"}],"predecessor-version":[{"id":358161,"href":"https:\/\/www.pcnen.com\/portal\/wp-json\/wp\/v2\/posts\/358160\/revisions\/358161"}],"wp:featuredmedia":[{"embeddable":true,"href":"https:\/\/www.pcnen.com\/portal\/wp-json\/wp\/v2\/media\/301485"}],"wp:attachment":[{"href":"https:\/\/www.pcnen.com\/portal\/wp-json\/wp\/v2\/media?parent=358160"}],"wp:term":[{"taxonomy":"category","embeddable":true,"href":"https:\/\/www.pcnen.com\/portal\/wp-json\/wp\/v2\/categories?post=358160"},{"taxonomy":"post_tag","embeddable":true,"href":"https:\/\/www.pcnen.com\/portal\/wp-json\/wp\/v2\/tags?post=358160"}],"curies":[{"name":"wp","href":"https:\/\/api.w.org\/{rel}","templated":true}]}}