{"id":358119,"date":"2022-11-01T17:01:32","date_gmt":"2022-11-01T16:01:32","guid":{"rendered":"https:\/\/www.pcnen.com\/portal\/?p=358119"},"modified":"2022-11-01T17:01:32","modified_gmt":"2022-11-01T16:01:32","slug":"zakonodavni-odbor-izmjene-zakona-o-predsjedniku-u-skladu-sa-ustavom","status":"publish","type":"post","link":"https:\/\/www.pcnen.com\/portal\/2022\/11\/01\/zakonodavni-odbor-izmjene-zakona-o-predsjedniku-u-skladu-sa-ustavom\/","title":{"rendered":"Zakonodavni odbor: Izmjene Zakona o predsjedniku u skladu sa Ustavom"},"content":{"rendered":"<p>Za takvo rje\u0161enje glasalo je sedam \u010dlanova Odbora.<\/p>\n<p>Skup\u0161tina Crne Gore je prethodno utvrdila dnevni red, \u010dija je prva ta\u010dka predlog izmjena Zakona o predsjedniku Crne Gore.<\/p>\n<p>Predlogom izmjena predvi\u0111eno je da ukoliko predsjednik dr\u017eave na predlo\u017ei mandatara za sastava vlade, mandatarom \u0107e se smatrati kandidat koji ima jasnu podr\u0161ku ve\u0107ine poslanika.<\/p>\n<p>\u201cNijednu nadle\u017enost predsjedniku ovim izmjenama zakona nijesmo oduzeli\u201d, kazao je na Odboru u ime predlaga\u010da poslanik DF-a Predrag Bulatovi\u0107.<\/p>\n<p>O izmjenama Zakona o predsjedniku raspravljao je i Odbor za politi\u010dki sistem, pravosu\u0111e i upravu.<\/p>\n<blockquote class=\"wp-embedded-content\" data-secret=\"SUTxNTGCcy\"><p><a href=\"https:\/\/www.pcnen.com\/portal\/2022\/11\/01\/sjednica-zakonodavnog-odbora-uzivo-9\/\">Sjednica Zakonodavnog odbora (u\u017eivo)<\/a><\/p><\/blockquote>\n<p><iframe loading=\"lazy\" class=\"wp-embedded-content\" sandbox=\"allow-scripts\" security=\"restricted\" style=\"position: absolute; clip: rect(1px, 1px, 1px, 1px);\" title=\"&#8220;Sjednica Zakonodavnog odbora (u\u017eivo)&#8221; &#8212; PCNEN\" src=\"https:\/\/www.pcnen.com\/portal\/2022\/11\/01\/sjednica-zakonodavnog-odbora-uzivo-9\/embed\/#?secret=dCxUnM8eSw#?secret=SUTxNTGCcy\" data-secret=\"SUTxNTGCcy\" width=\"600\" height=\"338\" frameborder=\"0\" marginwidth=\"0\" marginheight=\"0\" scrolling=\"no\"><\/iframe><\/p>\n","protected":false},"excerpt":{"rendered":"<p>Zakonodavni odbor Skup\u0161tine Crne Gore ocijenio je da je predlog izmjena Zakona o predsjedniku Crne Gore, koje je predlo\u017eio Demokratski front, u skladu s Ustavom i pravnim sistemom.<\/p>\n","protected":false},"author":1,"featured_media":0,"comment_status":"open","ping_status":"closed","sticky":false,"template":"","format":"standard","meta":{"_seopress_robots_primary_cat":"","_seopress_titles_title":"","_seopress_titles_desc":"","_seopress_robots_index":"","_et_pb_use_builder":"","_et_pb_old_content":"","_et_gb_content_width":"","inline_featured_image":false,"footnotes":""},"categories":[14],"tags":[],"class_list":["post-358119","post","type-post","status-publish","format-standard","hentry","category-vijesti"],"_links":{"self":[{"href":"https:\/\/www.pcnen.com\/portal\/wp-json\/wp\/v2\/posts\/358119","targetHints":{"allow":["GET"]}}],"collection":[{"href":"https:\/\/www.pcnen.com\/portal\/wp-json\/wp\/v2\/posts"}],"about":[{"href":"https:\/\/www.pcnen.com\/portal\/wp-json\/wp\/v2\/types\/post"}],"author":[{"embeddable":true,"href":"https:\/\/www.pcnen.com\/portal\/wp-json\/wp\/v2\/users\/1"}],"replies":[{"embeddable":true,"href":"https:\/\/www.pcnen.com\/portal\/wp-json\/wp\/v2\/comments?post=358119"}],"version-history":[{"count":1,"href":"https:\/\/www.pcnen.com\/portal\/wp-json\/wp\/v2\/posts\/358119\/revisions"}],"predecessor-version":[{"id":358120,"href":"https:\/\/www.pcnen.com\/portal\/wp-json\/wp\/v2\/posts\/358119\/revisions\/358120"}],"wp:attachment":[{"href":"https:\/\/www.pcnen.com\/portal\/wp-json\/wp\/v2\/media?parent=358119"}],"wp:term":[{"taxonomy":"category","embeddable":true,"href":"https:\/\/www.pcnen.com\/portal\/wp-json\/wp\/v2\/categories?post=358119"},{"taxonomy":"post_tag","embeddable":true,"href":"https:\/\/www.pcnen.com\/portal\/wp-json\/wp\/v2\/tags?post=358119"}],"curies":[{"name":"wp","href":"https:\/\/api.w.org\/{rel}","templated":true}]}}