{"id":358048,"date":"2022-10-31T11:07:00","date_gmt":"2022-10-31T10:07:00","guid":{"rendered":"https:\/\/www.pcnen.com\/portal\/?p=358048"},"modified":"2022-10-31T11:07:00","modified_gmt":"2022-10-31T10:07:00","slug":"beograd-opet-jedan-od-najzagadenijih-gradova-na-svijetu","status":"publish","type":"post","link":"https:\/\/www.pcnen.com\/portal\/2022\/10\/31\/beograd-opet-jedan-od-najzagadenijih-gradova-na-svijetu\/","title":{"rendered":"Beograd opet jedan od najzaga\u0111enijih gradova na svijetu"},"content":{"rendered":"<p>Prema najnovijim podacima, Beograd dijeli tre\u0107u poziciju na listi najzaga\u0111enijih gradova na svijetu sa Dubaijem, a ispred glavnog grada Srbije su samo Lahor i Nju Delhi.<\/p>\n<p>U gotovo svim djelovima Beograda mo\u017ee se vidjeti gusta magla, a sajtovi za mjerenje kvaliteta vazduha navode da je vazduh nezdrav usled uve\u0107anog prisustva PM \u010destica od 2,5.<\/p>\n<p>PM 2,5 u Beogradu je trenutno 17,2 puta ve\u0107a od godi\u0161nje referentne vrijednosti kvaliteta vazduha SZO.<\/p>\n<p>Vazduh je u Beogradu okarakterisan kao nezdrav i nalazi se u crvenoj zoni, sa indeksom 171, navodi se na sajtu Iqair, prenosi RTS.<\/p>\n<p>Podaci Agencije za za\u0161titu \u017eivotne sredine pokazuju da je vazduh zaga\u0111en i u \u010ca\u010dku, Zaje\u010daru, Novom Pazaru i Velikim Crljenima.<\/p>\n<blockquote class=\"wp-embedded-content\" data-secret=\"W1QrChwIEJ\"><p><a href=\"https:\/\/www.pcnen.com\/portal\/2022\/10\/12\/beograd-jutros-najzagadeniji-glavni-grad-na-svijetu\/\">Beograd jutros najzaga\u0111eniji glavni grad na svijetu<\/a><\/p><\/blockquote>\n<p><iframe loading=\"lazy\" class=\"wp-embedded-content\" sandbox=\"allow-scripts\" security=\"restricted\" style=\"position: absolute; clip: rect(1px, 1px, 1px, 1px);\" title=\"&#8220;Beograd jutros najzaga\u0111eniji glavni grad na svijetu&#8221; &#8212; PCNEN\" src=\"https:\/\/www.pcnen.com\/portal\/2022\/10\/12\/beograd-jutros-najzagadeniji-glavni-grad-na-svijetu\/embed\/#?secret=jJErMLRxPr#?secret=W1QrChwIEJ\" data-secret=\"W1QrChwIEJ\" width=\"600\" height=\"338\" frameborder=\"0\" marginwidth=\"0\" marginheight=\"0\" scrolling=\"no\"><\/iframe><\/p>\n","protected":false},"excerpt":{"rendered":"<p>Beograd se nalazi u crvenoj zoni po zaga\u0111enju vazduha, a ovog jutra je me\u0111u najzaga\u0111enijim gradovima na svijetu.<\/p>\n","protected":false},"author":1,"featured_media":285065,"comment_status":"open","ping_status":"closed","sticky":false,"template":"","format":"standard","meta":{"_seopress_robots_primary_cat":"","_seopress_titles_title":"","_seopress_titles_desc":"","_seopress_robots_index":"","_et_pb_use_builder":"","_et_pb_old_content":"","_et_gb_content_width":"","inline_featured_image":false,"footnotes":""},"categories":[14],"tags":[],"class_list":["post-358048","post","type-post","status-publish","format-standard","has-post-thumbnail","hentry","category-vijesti"],"_links":{"self":[{"href":"https:\/\/www.pcnen.com\/portal\/wp-json\/wp\/v2\/posts\/358048","targetHints":{"allow":["GET"]}}],"collection":[{"href":"https:\/\/www.pcnen.com\/portal\/wp-json\/wp\/v2\/posts"}],"about":[{"href":"https:\/\/www.pcnen.com\/portal\/wp-json\/wp\/v2\/types\/post"}],"author":[{"embeddable":true,"href":"https:\/\/www.pcnen.com\/portal\/wp-json\/wp\/v2\/users\/1"}],"replies":[{"embeddable":true,"href":"https:\/\/www.pcnen.com\/portal\/wp-json\/wp\/v2\/comments?post=358048"}],"version-history":[{"count":1,"href":"https:\/\/www.pcnen.com\/portal\/wp-json\/wp\/v2\/posts\/358048\/revisions"}],"predecessor-version":[{"id":358049,"href":"https:\/\/www.pcnen.com\/portal\/wp-json\/wp\/v2\/posts\/358048\/revisions\/358049"}],"wp:featuredmedia":[{"embeddable":true,"href":"https:\/\/www.pcnen.com\/portal\/wp-json\/wp\/v2\/media\/285065"}],"wp:attachment":[{"href":"https:\/\/www.pcnen.com\/portal\/wp-json\/wp\/v2\/media?parent=358048"}],"wp:term":[{"taxonomy":"category","embeddable":true,"href":"https:\/\/www.pcnen.com\/portal\/wp-json\/wp\/v2\/categories?post=358048"},{"taxonomy":"post_tag","embeddable":true,"href":"https:\/\/www.pcnen.com\/portal\/wp-json\/wp\/v2\/tags?post=358048"}],"curies":[{"name":"wp","href":"https:\/\/api.w.org\/{rel}","templated":true}]}}