{"id":358003,"date":"2022-10-30T18:01:17","date_gmt":"2022-10-30T17:01:17","guid":{"rendered":"https:\/\/www.pcnen.com\/portal\/?p=358003"},"modified":"2022-10-30T18:01:17","modified_gmt":"2022-10-30T17:01:17","slug":"vise-hiljada-fasista-odrzalo-mars-u-musolinijevu-cast-video","status":"publish","type":"post","link":"https:\/\/www.pcnen.com\/portal\/2022\/10\/30\/vise-hiljada-fasista-odrzalo-mars-u-musolinijevu-cast-video\/","title":{"rendered":"Vi\u0161e hiljada fa\u0161ista odr\u017ealo mar\u0161 u Musolinijevu \u010dast (video)"},"content":{"rendered":"<p>Ove godine je izme\u0111u 2.000 i 4.000 pristalica fa\u0161izma obu\u010denih u crno skandiralo i pjevalo u \u010dast Musolinija dok su \u0161etali do njegove kripte u Predapiju.<\/p>\n<p>Organizatori su upozorili u\u010desnike, koji su stigli iz Rima, Belgije i SAD, da ne koriste &#8220;rimski pozdrav&#8221; koji su upotrebljavali fa\u0161isti i da im, u slu\u010daju da to u\u010dine, prijeti krivi\u010dno gonjenje, prenosi Srna.<\/p>\n<p>AP prenosi da pojedini ipak nisu odoljeli kada se gomila zaustavila ispred groblja gdje je Musolini sahranjen kako bi se pomolila i gdje su ih pozdravile njegove praunuke.<\/p>\n<p>Svi su dobili po memorijsku karticu, koju su potpisale Musolinijeve praunuke i fotografiju fa\u0161isti\u010dkog diktatora na kojoj ruku dr\u017ei visoko u vazduhu u znak &#8220;rimskog pozdrava&#8221;.<\/p>\n<p>Na kartici je napisano: &#8220;Istorija \u0107e dokazati da sam u pravu&#8221;.<\/p>\n<p>Protivnici fa\u0161izma mar\u0161irali su u petak u Predapiju kako bi obilje\u017eili godi\u0161njicu oslobo\u0111enja grada i sprije\u010dili fa\u0161iste da \u0161etaju povodom godi\u0161njice Musolinijevog mar\u0161a na Rim.<\/p>\n<p>Crnoko\u0161ulja\u0161i su 28. oktobra 1922. godine u\u0161li u Rim i po\u010deli pu\u010d koji je kulminirao dva dana kasnije kada je italijanski kralj dao Musoliniju mandat za formiranje vlade.<\/p>\n<p><iframe loading=\"lazy\" title=\"YouTube video player\" src=\"https:\/\/www.youtube.com\/embed\/AvT0_oeJUes\" width=\"560\" height=\"315\" frameborder=\"0\" allowfullscreen=\"allowfullscreen\"><\/iframe><\/p>\n","protected":false},"excerpt":{"rendered":"<p>Vi\u0161e hiljada pristalica biv\u0161eg italijanskog diktatora Benita Musolinija okupilo se danas kod njegove kripte u Predapiju kako bi obilje\u017eilo 100 godina od Musolinijevog mar\u0161a na Rim i dr\u017eavnog udara koji je doveo do dvodecenijske fa\u0161isti\u010dke vladavine.<\/p>\n","protected":false},"author":1,"featured_media":358004,"comment_status":"open","ping_status":"closed","sticky":false,"template":"","format":"standard","meta":{"_seopress_robots_primary_cat":"","_seopress_titles_title":"","_seopress_titles_desc":"","_seopress_robots_index":"","_et_pb_use_builder":"","_et_pb_old_content":"","_et_gb_content_width":"","inline_featured_image":false,"footnotes":""},"categories":[14],"tags":[],"class_list":["post-358003","post","type-post","status-publish","format-standard","has-post-thumbnail","hentry","category-vijesti"],"_links":{"self":[{"href":"https:\/\/www.pcnen.com\/portal\/wp-json\/wp\/v2\/posts\/358003","targetHints":{"allow":["GET"]}}],"collection":[{"href":"https:\/\/www.pcnen.com\/portal\/wp-json\/wp\/v2\/posts"}],"about":[{"href":"https:\/\/www.pcnen.com\/portal\/wp-json\/wp\/v2\/types\/post"}],"author":[{"embeddable":true,"href":"https:\/\/www.pcnen.com\/portal\/wp-json\/wp\/v2\/users\/1"}],"replies":[{"embeddable":true,"href":"https:\/\/www.pcnen.com\/portal\/wp-json\/wp\/v2\/comments?post=358003"}],"version-history":[{"count":1,"href":"https:\/\/www.pcnen.com\/portal\/wp-json\/wp\/v2\/posts\/358003\/revisions"}],"predecessor-version":[{"id":358005,"href":"https:\/\/www.pcnen.com\/portal\/wp-json\/wp\/v2\/posts\/358003\/revisions\/358005"}],"wp:featuredmedia":[{"embeddable":true,"href":"https:\/\/www.pcnen.com\/portal\/wp-json\/wp\/v2\/media\/358004"}],"wp:attachment":[{"href":"https:\/\/www.pcnen.com\/portal\/wp-json\/wp\/v2\/media?parent=358003"}],"wp:term":[{"taxonomy":"category","embeddable":true,"href":"https:\/\/www.pcnen.com\/portal\/wp-json\/wp\/v2\/categories?post=358003"},{"taxonomy":"post_tag","embeddable":true,"href":"https:\/\/www.pcnen.com\/portal\/wp-json\/wp\/v2\/tags?post=358003"}],"curies":[{"name":"wp","href":"https:\/\/api.w.org\/{rel}","templated":true}]}}