{"id":357997,"date":"2022-10-30T11:34:45","date_gmt":"2022-10-30T10:34:45","guid":{"rendered":"https:\/\/www.pcnen.com\/portal\/?p=357997"},"modified":"2022-10-30T11:36:14","modified_gmt":"2022-10-30T10:36:14","slug":"dvije-godine-od-upokojenja-mitropolita-amfilohija","status":"publish","type":"post","link":"https:\/\/www.pcnen.com\/portal\/2022\/10\/30\/dvije-godine-od-upokojenja-mitropolita-amfilohija\/","title":{"rendered":"Dvije godine od upokojenja mitropolita Amfilohija"},"content":{"rendered":"<p>Liturgiju je\u00a0 slu\u017eio mitropolit crnogorsko-primorski \u0408oanikije, uz saslu\u017eenje vi\u0161e arhijereja Srpske pravoslavne crkve.<\/p>\n<p>Nakon liturgije, mitropolit \u0408oanikije je slu\u017eio pomen u kripti Hrama, ta\u010dnije u paraklisu posve\u0107enom Svetom Amfilohiju Ikonijskom po kojem je mitropolit Amfilohije i dobio mona\u0161ko ime.<\/p>\n<p>Duhovno-kulturna manifestacija &#8220;Dani mitropolita Amfilohija&#8221;, povodom dvije godine od njegovog upokojenja, po\u010dela je u petak u Sabornom hramu Hristovog Vaskrsenja u Podgorici.<\/p>\n<p>Ovu manifestaciju organizuju Mitropolija crnogorsko-primorska i sve\u0161teno bratstvo podgori\u010dkog Sabornog hrama.<\/p>\n<p>&#8220;Dani mitropolita Amfilohija&#8221; bi\u0107e zavr\u0161eni 1. novembra premijerom filma o mitropolitu &#8220;Lastavice Hristove&#8221;, u re\u017eiji ruske rediteljke \u0408ulije Bo\u010darove, koji govori o Srpskoj crkvi u Crnoj Gori kroz \u017eivot episkopa &#8211; mitropolita crnogorsko-primorskog Amfilohija.<\/p>\n<blockquote><p><em>Mitropolit Amfilohije je ro\u0111en na Bo\u017ei\u0107 7. januara 1938. godine kao Risto Radovi\u0107 u Barama Radovi\u0107a u Donjoj Mora\u010di. Zavr\u0161io je Bogosloviju Svetog Save u Beogradu. Na Bogoslovskom fakultetu Srpske pravoslavne crkve u Beogradu diplomirao je 1962. godine.<\/em><\/p>\n<p><em>Osim teolo\u0161kih nauka, na Filozofskom fakultetu u Beogradu studirao je klasi\u010dnu filologiju, a postdiplomske studije nastavlja u Bernu i Rimu.<\/em><\/p>\n<p><em>Odatle prelazi u Atinu, u kojoj, za vrijeme sedmogodi\u0161njeg boravka, osim svakodnevne parohijske slu\u017ebe, doktorira, a tezu (na gr\u010dkom jeziku) o Svetom Grigoriju Palami brani uz najvi\u0161u ocjenu.<\/em><\/p>\n<p><em>Potom godinu dana provodi na Svetoj Gori, a onda j<\/em>e pozvan da predaje na Ruskom pravoslavnom institutu Svetog Sergija u Parizu od 1974. do 1976. godine, gdje, uz ostalih pet jezika koje je savladao, usavr\u0161ava i francuski jezik.<\/p>\n<p><em>Zamona\u0161io se 1967. godine u Gr\u010dkoj, gdje je 21. jula 1968. postao jeromonah.<\/em><\/p>\n<p><em>Mitropolit Amfilohije bio je drugi po rangu me\u0111u episkopima u hijerarhiji Srpske pravoslavne crkve, odmah nakon patrijarha srpskog.<\/em><\/p>\n<p><em>Po\u010dasni doktorat Instituta Svetog Sergija u Parizu dobio je u februaru 2012. godine.<\/em><\/p>\n<p><em>Zbog mitropolitove bliskosti sa narodom, dobio je nadimak \u0110ed ili \u0110edo (kao zajedni\u010dki djed svim vjeruju\u0107im ljudima), na koji se rado odazivao.<\/em><\/p>\n<p><em>Bla\u017eenopo\u010div\u0161i mitropolit Amfilohije preminuo je 30. oktobra 2020. godine, uo\u010di praznika Svetog Petra Cetinjskog. Njegovi zemni ostaci sahranjeni su 1. novembra u kripti Sabornog hrama u Podgorici.<\/em><\/p><\/blockquote>\n","protected":false},"excerpt":{"rendered":"<p>U Sabornom hramu Hristovog Vaskrsenja danas je slu\u017eena Sveta ahrijerejska liturgija i pomen mitropolitu crnogorsko-primorskom Amfilohiju povodom dvije godine od njegovog upokojenja.<\/p>\n","protected":false},"author":1,"featured_media":306207,"comment_status":"open","ping_status":"closed","sticky":false,"template":"","format":"standard","meta":{"_seopress_robots_primary_cat":"","_seopress_titles_title":"","_seopress_titles_desc":"","_seopress_robots_index":"","_et_pb_use_builder":"","_et_pb_old_content":"","_et_gb_content_width":"","inline_featured_image":false,"footnotes":""},"categories":[14],"tags":[],"class_list":["post-357997","post","type-post","status-publish","format-standard","has-post-thumbnail","hentry","category-vijesti"],"_links":{"self":[{"href":"https:\/\/www.pcnen.com\/portal\/wp-json\/wp\/v2\/posts\/357997","targetHints":{"allow":["GET"]}}],"collection":[{"href":"https:\/\/www.pcnen.com\/portal\/wp-json\/wp\/v2\/posts"}],"about":[{"href":"https:\/\/www.pcnen.com\/portal\/wp-json\/wp\/v2\/types\/post"}],"author":[{"embeddable":true,"href":"https:\/\/www.pcnen.com\/portal\/wp-json\/wp\/v2\/users\/1"}],"replies":[{"embeddable":true,"href":"https:\/\/www.pcnen.com\/portal\/wp-json\/wp\/v2\/comments?post=357997"}],"version-history":[{"count":3,"href":"https:\/\/www.pcnen.com\/portal\/wp-json\/wp\/v2\/posts\/357997\/revisions"}],"predecessor-version":[{"id":358000,"href":"https:\/\/www.pcnen.com\/portal\/wp-json\/wp\/v2\/posts\/357997\/revisions\/358000"}],"wp:featuredmedia":[{"embeddable":true,"href":"https:\/\/www.pcnen.com\/portal\/wp-json\/wp\/v2\/media\/306207"}],"wp:attachment":[{"href":"https:\/\/www.pcnen.com\/portal\/wp-json\/wp\/v2\/media?parent=357997"}],"wp:term":[{"taxonomy":"category","embeddable":true,"href":"https:\/\/www.pcnen.com\/portal\/wp-json\/wp\/v2\/categories?post=357997"},{"taxonomy":"post_tag","embeddable":true,"href":"https:\/\/www.pcnen.com\/portal\/wp-json\/wp\/v2\/tags?post=357997"}],"curies":[{"name":"wp","href":"https:\/\/api.w.org\/{rel}","templated":true}]}}