{"id":357971,"date":"2022-10-29T20:46:03","date_gmt":"2022-10-29T18:46:03","guid":{"rendered":"https:\/\/www.pcnen.com\/portal\/?p=357971"},"modified":"2022-10-29T23:02:23","modified_gmt":"2022-10-29T21:02:23","slug":"najvise-dnevna-temperatura-26-stepeni","status":"publish","type":"post","link":"https:\/\/www.pcnen.com\/portal\/2022\/10\/29\/najvise-dnevna-temperatura-26-stepeni\/","title":{"rendered":"Najvi\u0161e dnevna temperatura 26 stepeni"},"content":{"rendered":"<p>Tokom dana bi\u0107e prete\u017eno sun\u010dano.<\/p>\n<p>Uglavnom slab do umjeren vjetar mijenja\u0107e smjer.<\/p>\n<p>Jutarnja temperatura vazduha bi\u0107e u rasponu od 0 do 14, a najvi\u0161a dnevna od 18 do 26 stepeni.<\/p>\n<p>U Podgorici bi\u0107e prete\u017eno sun\u010dano.<\/p>\n<p>Vjetar slab do umjeren duva\u0107e uglavnom sa sjevera.<\/p>\n<p>Jutarnja temperatura vazduha bi\u0107e 12, a najvi\u0161a dnevna oko 26 stepeni.<\/p>\n<p><a href=\"http:\/\/www.meteo.co.me\/page.php?id=31\" target=\"_blank\" rel=\"noopener\">Ra\u010dunarska prognoza.<\/a><\/p>\n","protected":false},"excerpt":{"rendered":"<p>Ujutru \u0107e po kotlinama na sjeveru Crne Gore biti magla, koja se ponegdje mo\u017ee zadr\u017eati i tokom prijepodneva.<\/p>\n","protected":false},"author":1,"featured_media":357972,"comment_status":"open","ping_status":"closed","sticky":false,"template":"","format":"standard","meta":{"_seopress_robots_primary_cat":"","_seopress_titles_title":"","_seopress_titles_desc":"","_seopress_robots_index":"","_et_pb_use_builder":"","_et_pb_old_content":"","_et_gb_content_width":"","inline_featured_image":false,"footnotes":""},"categories":[14],"tags":[],"class_list":["post-357971","post","type-post","status-publish","format-standard","has-post-thumbnail","hentry","category-vijesti"],"_links":{"self":[{"href":"https:\/\/www.pcnen.com\/portal\/wp-json\/wp\/v2\/posts\/357971","targetHints":{"allow":["GET"]}}],"collection":[{"href":"https:\/\/www.pcnen.com\/portal\/wp-json\/wp\/v2\/posts"}],"about":[{"href":"https:\/\/www.pcnen.com\/portal\/wp-json\/wp\/v2\/types\/post"}],"author":[{"embeddable":true,"href":"https:\/\/www.pcnen.com\/portal\/wp-json\/wp\/v2\/users\/1"}],"replies":[{"embeddable":true,"href":"https:\/\/www.pcnen.com\/portal\/wp-json\/wp\/v2\/comments?post=357971"}],"version-history":[{"count":2,"href":"https:\/\/www.pcnen.com\/portal\/wp-json\/wp\/v2\/posts\/357971\/revisions"}],"predecessor-version":[{"id":357974,"href":"https:\/\/www.pcnen.com\/portal\/wp-json\/wp\/v2\/posts\/357971\/revisions\/357974"}],"wp:featuredmedia":[{"embeddable":true,"href":"https:\/\/www.pcnen.com\/portal\/wp-json\/wp\/v2\/media\/357972"}],"wp:attachment":[{"href":"https:\/\/www.pcnen.com\/portal\/wp-json\/wp\/v2\/media?parent=357971"}],"wp:term":[{"taxonomy":"category","embeddable":true,"href":"https:\/\/www.pcnen.com\/portal\/wp-json\/wp\/v2\/categories?post=357971"},{"taxonomy":"post_tag","embeddable":true,"href":"https:\/\/www.pcnen.com\/portal\/wp-json\/wp\/v2\/tags?post=357971"}],"curies":[{"name":"wp","href":"https:\/\/api.w.org\/{rel}","templated":true}]}}