{"id":357961,"date":"2022-10-29T19:46:56","date_gmt":"2022-10-29T17:46:56","guid":{"rendered":"https:\/\/www.pcnen.com\/portal\/?p=357961"},"modified":"2022-10-29T19:50:53","modified_gmt":"2022-10-29T17:50:53","slug":"podatke-o-zemljinom-magnetnom-polju-naucnici-pretvorili-u-zvuk-video","status":"publish","type":"post","link":"https:\/\/www.pcnen.com\/portal\/2022\/10\/29\/podatke-o-zemljinom-magnetnom-polju-naucnici-pretvorili-u-zvuk-video\/","title":{"rendered":"Podatke o zemljinom magnetnom polju nau\u010dnici pretvorili u zvuk (video)"},"content":{"rendered":"<p>U slu\u010dajevima kada se neke od njih sudare sa atomima u gornjoj atmosferi one se transformi\u0161u u zeleno-plavo svijetlo poznato i kao aurora borealis.<\/p>\n<p>To je jedini vizuelni prikaz magnetnog polja koji mo\u017ee da se uo\u010di, jer je nevidljiv i ne proizvodi nikakav zvuk.<\/p>\n<p>Nau\u010dnici sa Tehni\u010dkog univerziteta u Danskoj su zato iskoristili informacije koje je jedan od satelita Evropske svemirske agencije prikupio o magnetnom polju Zemlje i pretvorio ih u zvuk.<\/p>\n<p>Rezultat je spoj tutnjave, zveckanja i pucketanja, a njegovi tvorci tvrde da je nastao kako bi podsjetio slu\u0161aoce na njegov zna\u010daj.<\/p>\n<p>\u201eTutnjanje Zemljinog magnetnog polja je prac\u0301eno zvukom geomagnetne oluje koja je nastala kao posledica izbacivanja sun\u010deve baklje 3. novembra 2011. godine i zaista zvu\u010di prili\u010dno zastra\u0161ujuc\u0301e&#8221;, izjavio je muzi\u010dar Klaus Nilsen koji je bio anga\u017eovan na ovom projektu.<\/p>\n<p>Konstantan tok naelektrisanih \u010destica koji proizvode solarni vjetrovi uzrokuje da udari emituju jednostavne magnetne talase koji \u2014 kada se pretvore u audio talase \u2014 zvu\u010de ne\u0161to poput jedne, niske muzi\u010dke note.<\/p>\n<p>Me\u0111utim, kada solarna oluja pogodi Zemlju, njen uticaj na magnetno polje uzrokuje da ova \u201emuzika\u201c postane daleko slo\u017eenija, <a href=\"https:\/\/nationalgeographic.rs\/nauka\/istrazivanje-svemira\/a40132\/Kako-zvuci-zemljino-magnetno-polje.html\">prenosi National Geographic.<\/a><\/p>\n<p><iframe loading=\"lazy\" title=\"YouTube video player\" src=\"https:\/\/www.youtube.com\/embed\/iHY-GMrqK9A\" width=\"560\" height=\"315\" frameborder=\"0\" allowfullscreen=\"allowfullscreen\"><\/iframe><\/p>\n","protected":false},"excerpt":{"rendered":"<p>Magnetno polje nas \u0161titi od kosmi\u010dkog zra\u010denja i naelektrisanih \u010destica solarnih vjetrova.<\/p>\n","protected":false},"author":1,"featured_media":0,"comment_status":"open","ping_status":"closed","sticky":false,"template":"","format":"standard","meta":{"_seopress_robots_primary_cat":"","_seopress_titles_title":"","_seopress_titles_desc":"","_seopress_robots_index":"","_et_pb_use_builder":"","_et_pb_old_content":"","_et_gb_content_width":"","inline_featured_image":false,"footnotes":""},"categories":[14],"tags":[],"class_list":["post-357961","post","type-post","status-publish","format-standard","hentry","category-vijesti"],"_links":{"self":[{"href":"https:\/\/www.pcnen.com\/portal\/wp-json\/wp\/v2\/posts\/357961","targetHints":{"allow":["GET"]}}],"collection":[{"href":"https:\/\/www.pcnen.com\/portal\/wp-json\/wp\/v2\/posts"}],"about":[{"href":"https:\/\/www.pcnen.com\/portal\/wp-json\/wp\/v2\/types\/post"}],"author":[{"embeddable":true,"href":"https:\/\/www.pcnen.com\/portal\/wp-json\/wp\/v2\/users\/1"}],"replies":[{"embeddable":true,"href":"https:\/\/www.pcnen.com\/portal\/wp-json\/wp\/v2\/comments?post=357961"}],"version-history":[{"count":3,"href":"https:\/\/www.pcnen.com\/portal\/wp-json\/wp\/v2\/posts\/357961\/revisions"}],"predecessor-version":[{"id":357966,"href":"https:\/\/www.pcnen.com\/portal\/wp-json\/wp\/v2\/posts\/357961\/revisions\/357966"}],"wp:attachment":[{"href":"https:\/\/www.pcnen.com\/portal\/wp-json\/wp\/v2\/media?parent=357961"}],"wp:term":[{"taxonomy":"category","embeddable":true,"href":"https:\/\/www.pcnen.com\/portal\/wp-json\/wp\/v2\/categories?post=357961"},{"taxonomy":"post_tag","embeddable":true,"href":"https:\/\/www.pcnen.com\/portal\/wp-json\/wp\/v2\/tags?post=357961"}],"curies":[{"name":"wp","href":"https:\/\/api.w.org\/{rel}","templated":true}]}}