{"id":357950,"date":"2022-10-29T13:54:07","date_gmt":"2022-10-29T11:54:07","guid":{"rendered":"https:\/\/www.pcnen.com\/portal\/?p=357950"},"modified":"2022-10-29T13:54:53","modified_gmt":"2022-10-29T11:54:53","slug":"plenkovic-milanovic-je-divlji-i-nekulturni-primitivac","status":"publish","type":"post","link":"https:\/\/www.pcnen.com\/portal\/2022\/10\/29\/plenkovic-milanovic-je-divlji-i-nekulturni-primitivac\/","title":{"rendered":"Plenkovi\u0107: Milanovi\u0107 je divlji i nekulturni primitivac"},"content":{"rendered":"<p>Milanovi\u0107 je danas u Dubrovniku reagirao na izjavu \u017eupana Ernesta Petryja koji ga je nazvao ugojenim prascem.<\/p>\n<p>\u201cImam pravo biti ugojeni prasac, neka pogleda svog \u0161efa, mo\u017ee li napraviti tri skleka\u201d, rekao je Milanovi\u0107, pi\u0161e Avaz.<\/p>\n<p>Plenkovi\u0107 je rekao da ne treba to svoditi na ping-pong ili sva\u0111u.<\/p>\n<p>\u201cNe izgleda tako, izgleda tako da jedan divlji, nekulturni primitivac, vrije\u0111a sve oko sebe. Kad mu neko odgovori, onda je sva\u0111a. \u0160to mu je Petry rekao prvi? Je li mu bilo ko rekao \u0161ta prvi? Vrije\u0111a mene, predsjednika Sabora, HDZ, novinare, kolege iz biv\u0161e stranke. To je primitivno, vulgarno divlja\u0161tvo. Bacite odgovornost na primitivca i divljaka koji je sve samo ne normalno. Mora\u0161 biti budala da to tolerira\u0161. Ili su mazohist, glup da na to pristaje\u0161. Ljudi ne\u0107e\u201d, \u00a0rekao je Plenkovi\u0107.<\/p>\n","protected":false},"excerpt":{"rendered":"<p>Andrej Plenkovi\u0107, premijer Hrvatske komentarisao je izjave predsjednika Zorana Milanovi\u0107a rekav\u0161i da se radi o &#8220;divljem, nekulturnom primitivcu, koji vrije\u0111a sve oko sebe&#8221;.<\/p>\n","protected":false},"author":1,"featured_media":349863,"comment_status":"open","ping_status":"closed","sticky":false,"template":"","format":"standard","meta":{"_seopress_robots_primary_cat":"","_seopress_titles_title":"","_seopress_titles_desc":"","_seopress_robots_index":"","_et_pb_use_builder":"","_et_pb_old_content":"","_et_gb_content_width":"","inline_featured_image":false,"footnotes":""},"categories":[14],"tags":[],"class_list":["post-357950","post","type-post","status-publish","format-standard","has-post-thumbnail","hentry","category-vijesti"],"_links":{"self":[{"href":"https:\/\/www.pcnen.com\/portal\/wp-json\/wp\/v2\/posts\/357950","targetHints":{"allow":["GET"]}}],"collection":[{"href":"https:\/\/www.pcnen.com\/portal\/wp-json\/wp\/v2\/posts"}],"about":[{"href":"https:\/\/www.pcnen.com\/portal\/wp-json\/wp\/v2\/types\/post"}],"author":[{"embeddable":true,"href":"https:\/\/www.pcnen.com\/portal\/wp-json\/wp\/v2\/users\/1"}],"replies":[{"embeddable":true,"href":"https:\/\/www.pcnen.com\/portal\/wp-json\/wp\/v2\/comments?post=357950"}],"version-history":[{"count":2,"href":"https:\/\/www.pcnen.com\/portal\/wp-json\/wp\/v2\/posts\/357950\/revisions"}],"predecessor-version":[{"id":357952,"href":"https:\/\/www.pcnen.com\/portal\/wp-json\/wp\/v2\/posts\/357950\/revisions\/357952"}],"wp:featuredmedia":[{"embeddable":true,"href":"https:\/\/www.pcnen.com\/portal\/wp-json\/wp\/v2\/media\/349863"}],"wp:attachment":[{"href":"https:\/\/www.pcnen.com\/portal\/wp-json\/wp\/v2\/media?parent=357950"}],"wp:term":[{"taxonomy":"category","embeddable":true,"href":"https:\/\/www.pcnen.com\/portal\/wp-json\/wp\/v2\/categories?post=357950"},{"taxonomy":"post_tag","embeddable":true,"href":"https:\/\/www.pcnen.com\/portal\/wp-json\/wp\/v2\/tags?post=357950"}],"curies":[{"name":"wp","href":"https:\/\/api.w.org\/{rel}","templated":true}]}}