{"id":357948,"date":"2022-10-29T12:59:24","date_gmt":"2022-10-29T10:59:24","guid":{"rendered":"https:\/\/www.pcnen.com\/portal\/?p=357948"},"modified":"2022-10-29T12:59:24","modified_gmt":"2022-10-29T10:59:24","slug":"otkazana-posjeta-fon-der-lajen-crnoj-gori","status":"publish","type":"post","link":"https:\/\/www.pcnen.com\/portal\/2022\/10\/29\/otkazana-posjeta-fon-der-lajen-crnoj-gori\/","title":{"rendered":"Otkazana posjeta Fon der Lajen Crnoj Gori"},"content":{"rendered":"<p>&#8220;Dana\u0161nja posjeta predsjednice Evropske komisije Ursule fon der Lajen Crnoj Gori \u0107e na\u017ealost morati da bude pomjerena za drugi datum jer, usljed vremenskih uslova, avion delegacije ne mo\u017ee da poleti sa aerodroma u Beogradu. Posjeta \u0107e biti organizovana u novom terminu koji bude zajedni\u010dki dogovoren&#8221;, navodi se u saop\u0161tenju.<\/p>\n<p>&#8220;Na\u017ealost, zbog lo\u0161eg vremena, jutros sam morala da odlo\u017eim posjetu Crnoj Gori. Pomjeramo datum posjete. Radujem se \u0161to \u0107u uskoro posjetiti va\u0161u prelijepu zemlju&#8221;, navela je fon der Lajen na Tviteru.<\/p>\n<p>Iz EU info centra je ranije danas saop\u0161teno da je dolazak Fon der Lajen u Crnu Goru pomjeren zbog magle na beogradskom aerodromu.<\/p>\n<p>&#8220;O\u010dekuje se ka\u0161njenje od najmanje jednog sata&#8221;, naveli su ranije.<\/p>\n<p>Fon der Lajen je ju\u010de boravila u Bosni i Hercegovini (BiH) i Srbiji a danas je trebalo da boravi u Crnoj Gori, u okviru regionalne posjete Zapadnom Balkanu.<\/p>\n<p>Ona je trebalo da se sastane u Vili Gorica sa predsjednikom Crne Gore Milom \u0110ukanovi\u0107em, a nakon sastanka je trebalo da bude odr\u017eana zajedni\u010dka konferencija za medije Fon der Lajen i \u0110ukanovi\u0107a.<\/p>\n<p>Predsjednica EK je zatim trebalo da se sastane sa predsjednikom Vlade Dritanom Abazovi\u0107em.<\/p>\n<p>Crna Gora \u0107e od Evropske unije dobiti finansijsku podr\u0161ku za prevazila\u017eenje o\u010dekivane energetske krize, a to je i glavni povod posjete Fon der Lajen.<\/p>\n<p>Planirano je da Fon der Lajen danas u Crnoj Gori boravi u okviru regionalne posjete Zapadnom Balkanu.<\/p>\n","protected":false},"excerpt":{"rendered":"<p>Dana\u0161nja posjeta predsjednice Evropske komisije Ursule fon der Lajen Crnoj Gori je otkazana, saop\u0161teno je iz EU Info centra.<\/p>\n","protected":false},"author":1,"featured_media":339767,"comment_status":"open","ping_status":"closed","sticky":false,"template":"","format":"standard","meta":{"_seopress_robots_primary_cat":"","_seopress_titles_title":"","_seopress_titles_desc":"","_seopress_robots_index":"","_et_pb_use_builder":"","_et_pb_old_content":"","_et_gb_content_width":"","inline_featured_image":false,"footnotes":""},"categories":[14],"tags":[],"class_list":["post-357948","post","type-post","status-publish","format-standard","has-post-thumbnail","hentry","category-vijesti"],"_links":{"self":[{"href":"https:\/\/www.pcnen.com\/portal\/wp-json\/wp\/v2\/posts\/357948","targetHints":{"allow":["GET"]}}],"collection":[{"href":"https:\/\/www.pcnen.com\/portal\/wp-json\/wp\/v2\/posts"}],"about":[{"href":"https:\/\/www.pcnen.com\/portal\/wp-json\/wp\/v2\/types\/post"}],"author":[{"embeddable":true,"href":"https:\/\/www.pcnen.com\/portal\/wp-json\/wp\/v2\/users\/1"}],"replies":[{"embeddable":true,"href":"https:\/\/www.pcnen.com\/portal\/wp-json\/wp\/v2\/comments?post=357948"}],"version-history":[{"count":1,"href":"https:\/\/www.pcnen.com\/portal\/wp-json\/wp\/v2\/posts\/357948\/revisions"}],"predecessor-version":[{"id":357949,"href":"https:\/\/www.pcnen.com\/portal\/wp-json\/wp\/v2\/posts\/357948\/revisions\/357949"}],"wp:featuredmedia":[{"embeddable":true,"href":"https:\/\/www.pcnen.com\/portal\/wp-json\/wp\/v2\/media\/339767"}],"wp:attachment":[{"href":"https:\/\/www.pcnen.com\/portal\/wp-json\/wp\/v2\/media?parent=357948"}],"wp:term":[{"taxonomy":"category","embeddable":true,"href":"https:\/\/www.pcnen.com\/portal\/wp-json\/wp\/v2\/categories?post=357948"},{"taxonomy":"post_tag","embeddable":true,"href":"https:\/\/www.pcnen.com\/portal\/wp-json\/wp\/v2\/tags?post=357948"}],"curies":[{"name":"wp","href":"https:\/\/api.w.org\/{rel}","templated":true}]}}