{"id":357945,"date":"2022-10-29T11:08:40","date_gmt":"2022-10-29T09:08:40","guid":{"rendered":"https:\/\/www.pcnen.com\/portal\/?p=357945"},"modified":"2022-10-29T11:08:40","modified_gmt":"2022-10-29T09:08:40","slug":"vucinic-milo-dukanovic-vise-nece-raspisivati-nikakve-izbore","status":"publish","type":"post","link":"https:\/\/www.pcnen.com\/portal\/2022\/10\/29\/vucinic-milo-dukanovic-vise-nece-raspisivati-nikakve-izbore\/","title":{"rendered":"Vu\u010dini\u0107: Milo \u0110ukanovi\u0107 vi\u0161e ne\u0107e raspisivati nikakve izbore"},"content":{"rendered":"<p>On je u razgovoru za Dan rekao kako o\u010dekuje da \u0107e predsjednik Crne Gore nakon izglasavanja izmjena Zakona o predsjedniku u parlamentu potpisati taj akt.<\/p>\n<p>On vjeruje da \u0107emo prije parlamentarnih izbora dobiti jo\u0161 jednu Vladi i da \u0107e \u0110ukanovi\u0107 morati da da mandat nekome koga predlo\u017ei skup\u0161tinska ve\u0107ina.<\/p>\n<p>\u201cMandatar za sastav Vlade svakako \u0107e biti plod dogovora izborne parlamentarne ve\u0107ine. \u0110ukanovi\u0107u se vi\u0161e ne smije dozvoliti da raspi\u0161e nijedne izbore, jer bi to bili izbori raspisani od predsjednika koje je povrijedio Ustav. Predsjednik koji je prekr\u0161io Ustav mora biti smijenjen prije isteka mandata\u201d, rekao je Vu\u010dini\u0107.<\/p>\n","protected":false},"excerpt":{"rendered":"<p>Predsjednik Radni\u010dke partije i poslanik Demokratskog fronta Maksim Vu\u010dini\u0107 smatra da je neophodno usvojiti izmjene Zakona o predsjedniku i da je nova politi\u010dka stvarnost u Crnoj Gori takva da aktuelnom predsjedniku Milu \u0110ukanovi\u0107u ne treba dozvoliti da raspi\u0161e bilo kakve izbore.<\/p>\n","protected":false},"author":1,"featured_media":357946,"comment_status":"open","ping_status":"closed","sticky":false,"template":"","format":"standard","meta":{"_seopress_robots_primary_cat":"","_seopress_titles_title":"","_seopress_titles_desc":"","_seopress_robots_index":"","_et_pb_use_builder":"","_et_pb_old_content":"","_et_gb_content_width":"","inline_featured_image":false,"footnotes":""},"categories":[14],"tags":[],"class_list":["post-357945","post","type-post","status-publish","format-standard","has-post-thumbnail","hentry","category-vijesti"],"_links":{"self":[{"href":"https:\/\/www.pcnen.com\/portal\/wp-json\/wp\/v2\/posts\/357945","targetHints":{"allow":["GET"]}}],"collection":[{"href":"https:\/\/www.pcnen.com\/portal\/wp-json\/wp\/v2\/posts"}],"about":[{"href":"https:\/\/www.pcnen.com\/portal\/wp-json\/wp\/v2\/types\/post"}],"author":[{"embeddable":true,"href":"https:\/\/www.pcnen.com\/portal\/wp-json\/wp\/v2\/users\/1"}],"replies":[{"embeddable":true,"href":"https:\/\/www.pcnen.com\/portal\/wp-json\/wp\/v2\/comments?post=357945"}],"version-history":[{"count":1,"href":"https:\/\/www.pcnen.com\/portal\/wp-json\/wp\/v2\/posts\/357945\/revisions"}],"predecessor-version":[{"id":357947,"href":"https:\/\/www.pcnen.com\/portal\/wp-json\/wp\/v2\/posts\/357945\/revisions\/357947"}],"wp:featuredmedia":[{"embeddable":true,"href":"https:\/\/www.pcnen.com\/portal\/wp-json\/wp\/v2\/media\/357946"}],"wp:attachment":[{"href":"https:\/\/www.pcnen.com\/portal\/wp-json\/wp\/v2\/media?parent=357945"}],"wp:term":[{"taxonomy":"category","embeddable":true,"href":"https:\/\/www.pcnen.com\/portal\/wp-json\/wp\/v2\/categories?post=357945"},{"taxonomy":"post_tag","embeddable":true,"href":"https:\/\/www.pcnen.com\/portal\/wp-json\/wp\/v2\/tags?post=357945"}],"curies":[{"name":"wp","href":"https:\/\/api.w.org\/{rel}","templated":true}]}}