{"id":357943,"date":"2022-10-29T10:36:27","date_gmt":"2022-10-29T08:36:27","guid":{"rendered":"https:\/\/www.pcnen.com\/portal\/?p=357943"},"modified":"2022-10-29T10:36:27","modified_gmt":"2022-10-29T08:36:27","slug":"dalovica-pecina-i-dalje-ugrozena","status":"publish","type":"post","link":"https:\/\/www.pcnen.com\/portal\/2022\/10\/29\/dalovica-pecina-i-dalje-ugrozena\/","title":{"rendered":"\u0110alovi\u0107a pe\u0107ina i dalje ugro\u017eena"},"content":{"rendered":"<p>Unutra\u0161njost \u0110alovi\u0107a pe\u0107ine su u avgustu o\u0161tetili vandali, polomili ukrase i iscrtavali imena po ukrasima pe\u0107ine.<\/p>\n<p>Nakon toga firma \u201cNovi Volvox\u201d je zatvorila ulaz koji je nakon povla\u010denja investitora ostao otvoren, a bjelopoljski speleolozi optu\u017eili su izvo\u0111a\u010da radova da je nestru\u010dno zatvorio pe\u0107inu.<\/p>\n<p>Iz kluba su upozorili da je time ugro\u017een kapitalni projekat od zna\u010daja za ukupni razvoj Crne Gore.<\/p>\n<p>Ulaz pe\u0107ine je fizi\u010dki otvoren prije oko dvije godine, kada je izvo\u0111a\u010d radova napustio gradili\u0161te.<\/p>\n<p>Iz firme \u201cNovi Volvox\u201d po\u010detkom septembra medijima je saop\u0161teno da su bili prinu\u0111eni da sve svoje aktivnosti prilago\u0111avaju i realizuju u ljetnjim mjesecima, \u0161to je poprili\u010dno kratak period uslovljen objektivnim, klimatskim razlozima.<\/p>\n<p>Predsjednik Speleolo\u0161kog kluba \u201cPauk\u201d Petar Cerovi\u0107 kazao je da je pro\u0161lo mjesec dana, a da nije bilo nikakvih pomaka u za\u0161titi ulaza, prenose Vijesti.<\/p>\n<p>Iz \u201cNovog Volvoxa\u201d je saop\u0161teno da zatvaranje ulaza u \u0110alovi\u0107a pe\u0107inu nije zavr\u0161eno do 30. septembra u skladu sa projektom, jer su od nadle\u017enih institucija dobili zahtjev da privremeno zaustave radove do odluke o na\u010dinu zatvaranja ulaza.<\/p>\n<p>\u201c\u2019Novi Volvox\u2019 je obezbijedio sav potreban materijal za zatvaranje ulaza u skladu sa projektnom dokumentacijom i, kao \u0161to smo naveli, \u010dekamo od investitora, tj. Uprave za kapitalne projekte i nadle\u017enih institucija kona\u010dan stav o na\u010dinu zatvaranja navedenog vje\u0161ta\u010dkog ulaza, kako bismo isti mogli realizovati. Vi\u0161e puta smo urgirali kako bismo zvani\u010dan stav dobili \u0161to prije, a sve u cilju da se navedeni ulaz zatvori prije nastupaju\u0107eg zimskog perioda, u kojem ne\u0107e biti mogu\u0107e izvoditi radove\u201d, pi\u0161e u odgovoru Volvoxa, napominju\u0107i da je pristup lokaciji ote\u017ean usljed blokade puta od strane lokalnog stanovni\u0161tva o \u010demu smo blagovremeno obavijestili predstavnike investitora.<\/p>\n<p>Cerovi\u0107 je kazao da je ogor\u010den i zbog odugovla\u010denja postupka protiv vandala koji su u avgustu o\u0161tetili unutra\u0161njost pe\u0107ine.<\/p>\n<p>Sevdin i Emir Kora\u0107 zbog \u201cuni\u0161tenja i o\u0161te\u0107enja za\u0161ti\u0107enog prirodnog dobra\u201d odgovaraju pred Osnovnim sudom, ali je ro\u010di\u0161te, zakazano za 27. oktobar, odgo\u0111eno za 7. decembar.<\/p>\n<p>\u201dDo danas niko iz Tu\u017eila\u0161tva nas nije kontaktirao oko prijave\u201d, kazao je Cerovi\u0107.<\/p>\n<p><a href=\"https:\/\/www.pcnen.com\/portal\/?s=%C4%90alovi%C4%87a+pe%C4%87in\">VEZANE VIJESTI<\/a><\/p>\n","protected":false},"excerpt":{"rendered":"<p>Firma \u201cNovi Volvox\u201d nije, kako je predvi\u0111eno, do 30. septembra izvela radove na ulazu \u0110alovi\u0107a pe\u0107ine i obezbijedilia za\u0161titna vrata na ulazu, u skladu sa projektnom dokumentacijom.<\/p>\n","protected":false},"author":1,"featured_media":354873,"comment_status":"open","ping_status":"closed","sticky":false,"template":"","format":"standard","meta":{"_seopress_robots_primary_cat":"","_seopress_titles_title":"","_seopress_titles_desc":"","_seopress_robots_index":"","_et_pb_use_builder":"","_et_pb_old_content":"","_et_gb_content_width":"","inline_featured_image":false,"footnotes":""},"categories":[14],"tags":[],"class_list":["post-357943","post","type-post","status-publish","format-standard","has-post-thumbnail","hentry","category-vijesti"],"_links":{"self":[{"href":"https:\/\/www.pcnen.com\/portal\/wp-json\/wp\/v2\/posts\/357943","targetHints":{"allow":["GET"]}}],"collection":[{"href":"https:\/\/www.pcnen.com\/portal\/wp-json\/wp\/v2\/posts"}],"about":[{"href":"https:\/\/www.pcnen.com\/portal\/wp-json\/wp\/v2\/types\/post"}],"author":[{"embeddable":true,"href":"https:\/\/www.pcnen.com\/portal\/wp-json\/wp\/v2\/users\/1"}],"replies":[{"embeddable":true,"href":"https:\/\/www.pcnen.com\/portal\/wp-json\/wp\/v2\/comments?post=357943"}],"version-history":[{"count":1,"href":"https:\/\/www.pcnen.com\/portal\/wp-json\/wp\/v2\/posts\/357943\/revisions"}],"predecessor-version":[{"id":357944,"href":"https:\/\/www.pcnen.com\/portal\/wp-json\/wp\/v2\/posts\/357943\/revisions\/357944"}],"wp:featuredmedia":[{"embeddable":true,"href":"https:\/\/www.pcnen.com\/portal\/wp-json\/wp\/v2\/media\/354873"}],"wp:attachment":[{"href":"https:\/\/www.pcnen.com\/portal\/wp-json\/wp\/v2\/media?parent=357943"}],"wp:term":[{"taxonomy":"category","embeddable":true,"href":"https:\/\/www.pcnen.com\/portal\/wp-json\/wp\/v2\/categories?post=357943"},{"taxonomy":"post_tag","embeddable":true,"href":"https:\/\/www.pcnen.com\/portal\/wp-json\/wp\/v2\/tags?post=357943"}],"curies":[{"name":"wp","href":"https:\/\/api.w.org\/{rel}","templated":true}]}}