{"id":357893,"date":"2022-10-28T11:52:50","date_gmt":"2022-10-28T09:52:50","guid":{"rendered":"https:\/\/www.pcnen.com\/portal\/?p=357893"},"modified":"2022-10-28T11:53:58","modified_gmt":"2022-10-28T09:53:58","slug":"knezevic-ko-tvrdi-da-smo-ja-i-mandic-saradnici-ruske-i-srpske-sluzbe-laze","status":"publish","type":"post","link":"https:\/\/www.pcnen.com\/portal\/2022\/10\/28\/knezevic-ko-tvrdi-da-smo-ja-i-mandic-saradnici-ruske-i-srpske-sluzbe-laze\/","title":{"rendered":"Kne\u017eevi\u0107: Ko tvrdi da smo ja i Mandi\u0107 saradnici ruske i srpske slu\u017ebe, la\u017ee"},"content":{"rendered":"<p>&#8220;A sve pod motom borbe protiv ruskog uticaja. ANB je osim prisli\u0161kivanja Mandi\u0107a dala potpunu logistiku u insceniranju la\u017enog dr\u017eavnog udara. Tra\u017ei\u0107u posebnu sjednicu za skidanje tajnosti podataka u vezi tog slu\u010daja. ANB je 2020. godine vr\u0161ila najmasovnije prislu\u0161kivanje na svijetu &#8211; 237 funkcionera i pristalica DF-a u hotelu Palas. Sve je to izlazilo na portalu ANB-a Udar. Nakon pobjede na izborima, i dalje smo bili na mjerama tajnog nadzora. Nadam se da \u0107e se skinuti oznaka tajnosti podataka s izvje\u0161taja u vezi de\u0161avanja na Belvederu 5. septembra pro\u0161le godine. Kenteru su postavili Konjevi\u0107 i Krivokapi\u0107 na jednoj \u010dajanci u Atlantskom savezu i on je registrovani agent CIA&#8221;, rekao je Kne\u017eevi\u0107, prenosi portal Vijesti.<\/p>\n<p>Kne\u017eevi\u0107 je pokazao dokument koji je, kako tvrdi, pisao Kentera u kom se, kako je naveo, nalaze predstavnici srpskog naroda. Po tom dokumentu je krenuo, kako je rekao, &#8220;lov na Srbe&#8221;.<\/p>\n<p>&#8220;Kentera, uz saglasnost Konjevi\u0107a i Krivokapi\u0107a je uz spisak Rusa dodao i spisak srpskih dr\u017eavljana kojima je zabranjen ulazak u Crnu Goru. Kad su to partnerske slu\u017ebe dobile, vi\u0161e se nisu bavili time da li je procjena ra\u0111ena na dobar na\u010din. Planirano je hap\u0161enje Mandi\u0107a i mene narednih dana, da je ostao na \u010delu ANB-a ostao Kentera. To je istina, nastavi\u0107u da to obrazla\u017eem&#8221;.<\/p>\n<p>Kne\u017eevi\u0107 je rekao da je Kentera sa Dragom Spi\u010danovi\u0107em donio provjeru sekretarke Vije\u0107a Jelene Mara\u0161 u kom je naveo da joj ne mo\u017ee dati pristup tajnim podacima, jer ima kontakte sa njim, a da on ima kontakte sa srpskom i ruskom slu\u017ebom.<\/p>\n<p>&#8220;Podnije\u0107u krivi\u010dnu prijavu protiv Kentere, Krivokapi\u0107a i Konjevi\u0107a. \u017deljeli ste preko Jelene Mara\u0161 da ka\u017eete da sam infiltirirao ruskog i srpskog agenta u Vije\u0107e, da bi me uhapsili. Mog brata je pratilo vozilo&#8230; Mo\u017eete poku\u0161ati da me uhapsite, ali brani\u0107u se svim sredstvima. Ko tvrdi da smo ja i Mandi\u0107 saradnici ruske i srpske slu\u017ebe, la\u017ee kao pas&#8221;, rekao je Kne\u017eevi\u0107.<\/p>\n<p>Pitao je i da li je ta\u010dno da je u procjenama u vezi srpskih dr\u017eavljana stajalo da je neko \u010dlan Srpske napredne stranke?<\/p>\n<p>&#8220;Ova gospoda iz biv\u0161eg rukovodsfba ANB-a su obmanuli zapadne partnere i u kumbulj su stavili i Srbe, i Ruse, i predstavnike srpskih partija. Akcija je u toku. Planirano je hap\u0161enje sve\u0161tenika SPC, ali i Mandi\u0107a i mene pod motom da se bore protiv ruskog uticaja. Ovo ne mo\u017ee da pro\u0111e bez krivi\u010dno-pravne odgovornosti ovih ljudi. Preduze\u0107u mjere za\u0161tite sebe i svoje porodice. U Kenterinom dokumentu napravljena je platforma za progorn sprskog naroda iz Crne Gore. G. Kentera, ja sam ro\u0111en u Crnoj Gori, ovdje smo \u0161est ili sedam vjekova. Ne\u0107ete uspjeti u naumu da me protjerate. Obmanuli ste partnerske slu\u017ebe. Htjeli ste da uhapsite i Abazovi\u0107a. On je to zaslu\u017eio. Ovo je njegova Vlada, nek vidi kako je koalicija koju je izabrao htjela da ga elimini\u0161e&#8221;.<\/p>\n<p><iframe loading=\"lazy\" width=\"560\" height=\"315\" src=\"https:\/\/www.youtube.com\/embed\/jusXyJnnGFQ\" title=\"YouTube video player\" frameborder=\"0\" allow=\"accelerometer; autoplay; clipboard-write; encrypted-media; gyroscope; picture-in-picture\" allowfullscreen><\/iframe><\/p>\n","protected":false},"excerpt":{"rendered":"<p>Predsjednik Odbora za bezbjednost Milan Kne\u017eevi\u0107 je kazao da je &#8220;svakome jasno da je ANB mehanizam DPS-a u obra\u010duno s DF-om, srpskim narodom, SPC&#8221;.<\/p>\n","protected":false},"author":1,"featured_media":291791,"comment_status":"open","ping_status":"closed","sticky":false,"template":"","format":"standard","meta":{"_seopress_robots_primary_cat":"","_seopress_titles_title":"","_seopress_titles_desc":"","_seopress_robots_index":"","_et_pb_use_builder":"","_et_pb_old_content":"","_et_gb_content_width":"","inline_featured_image":false,"footnotes":""},"categories":[14],"tags":[],"class_list":["post-357893","post","type-post","status-publish","format-standard","has-post-thumbnail","hentry","category-vijesti"],"_links":{"self":[{"href":"https:\/\/www.pcnen.com\/portal\/wp-json\/wp\/v2\/posts\/357893","targetHints":{"allow":["GET"]}}],"collection":[{"href":"https:\/\/www.pcnen.com\/portal\/wp-json\/wp\/v2\/posts"}],"about":[{"href":"https:\/\/www.pcnen.com\/portal\/wp-json\/wp\/v2\/types\/post"}],"author":[{"embeddable":true,"href":"https:\/\/www.pcnen.com\/portal\/wp-json\/wp\/v2\/users\/1"}],"replies":[{"embeddable":true,"href":"https:\/\/www.pcnen.com\/portal\/wp-json\/wp\/v2\/comments?post=357893"}],"version-history":[{"count":3,"href":"https:\/\/www.pcnen.com\/portal\/wp-json\/wp\/v2\/posts\/357893\/revisions"}],"predecessor-version":[{"id":357896,"href":"https:\/\/www.pcnen.com\/portal\/wp-json\/wp\/v2\/posts\/357893\/revisions\/357896"}],"wp:featuredmedia":[{"embeddable":true,"href":"https:\/\/www.pcnen.com\/portal\/wp-json\/wp\/v2\/media\/291791"}],"wp:attachment":[{"href":"https:\/\/www.pcnen.com\/portal\/wp-json\/wp\/v2\/media?parent=357893"}],"wp:term":[{"taxonomy":"category","embeddable":true,"href":"https:\/\/www.pcnen.com\/portal\/wp-json\/wp\/v2\/categories?post=357893"},{"taxonomy":"post_tag","embeddable":true,"href":"https:\/\/www.pcnen.com\/portal\/wp-json\/wp\/v2\/tags?post=357893"}],"curies":[{"name":"wp","href":"https:\/\/api.w.org\/{rel}","templated":true}]}}