{"id":357887,"date":"2022-10-28T10:28:54","date_gmt":"2022-10-28T08:28:54","guid":{"rendered":"https:\/\/www.pcnen.com\/portal\/?p=357887"},"modified":"2022-10-28T10:28:54","modified_gmt":"2022-10-28T08:28:54","slug":"uhapsen-vozac-ubijenog-jovice-vukotica","status":"publish","type":"post","link":"https:\/\/www.pcnen.com\/portal\/2022\/10\/28\/uhapsen-vozac-ubijenog-jovice-vukotica\/","title":{"rendered":"Uhap\u0161en voza\u010d ubijenog Jovice Vukoti\u0107a"},"content":{"rendered":"<p>Obrt se dogodio po\u0161to je policija otkrila da dva mobilna telefona koja je E. K. poku\u0161ao da sakrije posle likvidacije pripadaju njemu, a ne Vukoti\u0107u kako se sumnjalo, prenosi Kurir.rs.<\/p>\n<p>\u201cIspod automobila u kom je Vukoti\u0107 ubijen, dok su sa njim u kolima bili E. K., trudna supruga Ma\u0161a M. i njihova \u0107erka, bila su postavljena tri GPS ure\u0111aja za satelitsko pra\u0107enje. Utvr\u0111eno je da je voza\u010d E. K. prije ubistva razgovarao telefonom i imao sastanak sa \u010dlanom jedne od dvije grupe koje su u turskoj bile anga\u017eovane od strane kava\u010dkog klana da za 1,5 milion eura ubiju vo\u0111u \u0161kaljarskog klana.<\/p>\n<p>E. K. je uhap\u0161en i sudi\u0107e mu se zajedno sa ostalim osumnji\u010denima\u201d, \u00a0prenosi turski portal Sabah.<\/p>\n<p>Mediji navode i da se sumnja da je ure\u0111aje za pra\u0107enje pod Vukoti\u0107ev auto postavio upravo E. K.<\/p>\n<p>\u201cIstra\u017eitelji su utvrdili da je Vukoti\u0107 bio pra\u0107en najmanje \u010detiri mjeseca. U njegovoj likvidaciji u\u010destvovale su dvije kriminalne grupe iz Turske, \u010dije su vo\u0111e u zatvorima u Italiji i Crnoj Gori. Jedna je bila zadu\u017eena da nadgleda i prati Vukoti\u0107a, a druga za neposrednu likvidaciju\u201d, \u00a0podsje\u0107aju oni.<\/p>\n<p>Na dan kada je ubijen, kako je otkriveno, Vukoti\u0107 je sa \u017eenom, voza\u010dem i \u0107erkom \u0161etao tr\u017enim centrom u Be\u0161ikta\u0161u. E. K. je sve vrijeme bio uz njih, \u010dak su ga kamere snimile kako im nosi stvari.<\/p>\n<p>\u201cKada su bili na auto-putu u \u0160i\u0161liju, pri\u0161ao im je motor sa dva napada\u010da. Suvoza\u010d je ispalio pet hitaca, od kojih su \u010detiri pogodila Vukoti\u0107a\u201d, \u00a0podsje\u0107a izvor:- Otkriveno je da je Vukoti\u0107 u Tursku u\u0161ao 2021. i da je boravio u Istanbulu sa la\u017enim dokumentima na ime Predraga Popovi\u0107.<\/p>\n<p>E. K., kako su posle zlo\u010dina pisali turski mediji, odmah je stavljen pod &#8220;za\u0161titu policije&#8221; iz straha od odmazde. Me\u0111utim, sada su otkrili da je on zapravo sau\u010desnik u zlo\u010dinu, jer se sumnja da je bio krtica koja je tipovala Vukoti\u0107a.<\/p>\n<p>\u201cNa saslu\u0161anju je negirao optu\u017ebe, ali nije mogao da objasni zbog \u010dega je imao sastanak sa pripadnicima kriminalne grupe koja je ubila vo\u0111u \u0161kaljaraskog klana\u201d, \u00a0navode turski mediji.<\/p>\n<blockquote class=\"wp-embedded-content\" data-secret=\"KcAFmUaEN9\"><p><a href=\"https:\/\/www.pcnen.com\/portal\/2022\/09\/08\/ubijen-jovica-vukotic-voda-skaljarskog-klana\/\">Ubijen Jovica Vukoti\u0107, vo\u0111a \u0161kaljarskog klana<\/a><\/p><\/blockquote>\n<p><iframe loading=\"lazy\" class=\"wp-embedded-content\" sandbox=\"allow-scripts\" security=\"restricted\" style=\"position: absolute; clip: rect(1px, 1px, 1px, 1px);\" title=\"&#8220;Ubijen Jovica Vukoti\u0107, vo\u0111a \u0161kaljarskog klana&#8221; &#8212; PCNEN\" src=\"https:\/\/www.pcnen.com\/portal\/2022\/09\/08\/ubijen-jovica-vukotic-voda-skaljarskog-klana\/embed\/#?secret=2Lt9mo3Px4#?secret=KcAFmUaEN9\" data-secret=\"KcAFmUaEN9\" width=\"600\" height=\"338\" frameborder=\"0\" marginwidth=\"0\" marginheight=\"0\" scrolling=\"no\"><\/iframe><\/p>\n","protected":false},"excerpt":{"rendered":"<p>Turski istra\u017eitelji otkrili su tokom istrage ubistva Jovana Vukoti\u0107a u Istanbulu, da je njegov voza\u010d E. K. bio krtica koja je dojavila &#8220;kav\u010danima&#8221; detalje o kretanju i navikama vo\u0111e \u0161kaljarskog klana. E. K. je, kako navode turski mediji, uhap\u0161en i sudi\u0107e mu se sa Radojem \u017divkovi\u0107em, ro\u0111akom Radoja Zvicera, Zdravkom Perunovi\u0107em i ostalim osumnji\u010denima za u\u010de\u0161\u0107e u zlo\u010dinu.<\/p>\n","protected":false},"author":1,"featured_media":345120,"comment_status":"open","ping_status":"closed","sticky":false,"template":"","format":"standard","meta":{"_seopress_robots_primary_cat":"","_seopress_titles_title":"","_seopress_titles_desc":"","_seopress_robots_index":"","_et_pb_use_builder":"","_et_pb_old_content":"","_et_gb_content_width":"","inline_featured_image":false,"footnotes":""},"categories":[14],"tags":[],"class_list":["post-357887","post","type-post","status-publish","format-standard","has-post-thumbnail","hentry","category-vijesti"],"_links":{"self":[{"href":"https:\/\/www.pcnen.com\/portal\/wp-json\/wp\/v2\/posts\/357887","targetHints":{"allow":["GET"]}}],"collection":[{"href":"https:\/\/www.pcnen.com\/portal\/wp-json\/wp\/v2\/posts"}],"about":[{"href":"https:\/\/www.pcnen.com\/portal\/wp-json\/wp\/v2\/types\/post"}],"author":[{"embeddable":true,"href":"https:\/\/www.pcnen.com\/portal\/wp-json\/wp\/v2\/users\/1"}],"replies":[{"embeddable":true,"href":"https:\/\/www.pcnen.com\/portal\/wp-json\/wp\/v2\/comments?post=357887"}],"version-history":[{"count":1,"href":"https:\/\/www.pcnen.com\/portal\/wp-json\/wp\/v2\/posts\/357887\/revisions"}],"predecessor-version":[{"id":357888,"href":"https:\/\/www.pcnen.com\/portal\/wp-json\/wp\/v2\/posts\/357887\/revisions\/357888"}],"wp:featuredmedia":[{"embeddable":true,"href":"https:\/\/www.pcnen.com\/portal\/wp-json\/wp\/v2\/media\/345120"}],"wp:attachment":[{"href":"https:\/\/www.pcnen.com\/portal\/wp-json\/wp\/v2\/media?parent=357887"}],"wp:term":[{"taxonomy":"category","embeddable":true,"href":"https:\/\/www.pcnen.com\/portal\/wp-json\/wp\/v2\/categories?post=357887"},{"taxonomy":"post_tag","embeddable":true,"href":"https:\/\/www.pcnen.com\/portal\/wp-json\/wp\/v2\/tags?post=357887"}],"curies":[{"name":"wp","href":"https:\/\/api.w.org\/{rel}","templated":true}]}}