{"id":357839,"date":"2022-10-27T14:09:14","date_gmt":"2022-10-27T12:09:14","guid":{"rendered":"https:\/\/www.pcnen.com\/portal\/?p=357839"},"modified":"2022-10-27T14:09:59","modified_gmt":"2022-10-27T12:09:59","slug":"knezevic-pozivam-parlamentarnu-vecinu-i-evropu-sad-da-zastitimo-javni-interes","status":"publish","type":"post","link":"https:\/\/www.pcnen.com\/portal\/2022\/10\/27\/knezevic-pozivam-parlamentarnu-vecinu-i-evropu-sad-da-zastitimo-javni-interes\/","title":{"rendered":"Kne\u017eevi\u0107: Pozivam parlamentarnu ve\u0107inu i Evropu sad da za\u0161titimo javni interes"},"content":{"rendered":"<p>\u201cPo\u0161to je DPS krenuo u ustavno nasilje odbijaju\u0107i da prizna rezultate lokalnih izbora, pozivam parlamnetarnu ve\u0107inu i Evropu sad da za\u0161titimo javni interes i odbranimo izbornu volju gra\u0111ana\u201d, napisao je Kne\u017eevi\u0107 na Fejsbuku.<\/p>\n<p>Lokalni izbori odr\u017eani su u 14 op\u0161tina. Prema rezultatima, Demokratska partija socijalista (DPS) izgubila je vlast u glavnom gradu Crne Gore.<\/p>\n<p><iframe loading=\"lazy\" style=\"border: none; overflow: hidden;\" src=\"https:\/\/www.facebook.com\/plugins\/post.php?href=https%3A%2F%2Fwww.facebook.com%2FDemokratskiFront%2Fposts%2Fpfbid0Cn9YioozgbURj75y9V6GHEZXQGUW1rMB8aoSzkJJzEYfSfWbXoj3AwrpaQ83gQdcl&amp;show_text=true&amp;width=500\" width=\"500\" height=\"498\" frameborder=\"0\" scrolling=\"no\" allowfullscreen=\"allowfullscreen\"><\/iframe><\/p>\n","protected":false},"excerpt":{"rendered":"<p>Jedan od lidera Demokratskog fronta (DF) Milan Kne\u017eevi\u0107 pozvao je parlamentarnu ve\u0107inu i Pokret &#8220;Evropa sad&#8221; da odbrane izbornu volju gra\u0111ana.<\/p>\n","protected":false},"author":1,"featured_media":275178,"comment_status":"open","ping_status":"closed","sticky":false,"template":"","format":"standard","meta":{"_seopress_robots_primary_cat":"","_seopress_titles_title":"","_seopress_titles_desc":"","_seopress_robots_index":"","_et_pb_use_builder":"","_et_pb_old_content":"","_et_gb_content_width":"","inline_featured_image":false,"footnotes":""},"categories":[14],"tags":[],"class_list":["post-357839","post","type-post","status-publish","format-standard","has-post-thumbnail","hentry","category-vijesti"],"_links":{"self":[{"href":"https:\/\/www.pcnen.com\/portal\/wp-json\/wp\/v2\/posts\/357839","targetHints":{"allow":["GET"]}}],"collection":[{"href":"https:\/\/www.pcnen.com\/portal\/wp-json\/wp\/v2\/posts"}],"about":[{"href":"https:\/\/www.pcnen.com\/portal\/wp-json\/wp\/v2\/types\/post"}],"author":[{"embeddable":true,"href":"https:\/\/www.pcnen.com\/portal\/wp-json\/wp\/v2\/users\/1"}],"replies":[{"embeddable":true,"href":"https:\/\/www.pcnen.com\/portal\/wp-json\/wp\/v2\/comments?post=357839"}],"version-history":[{"count":1,"href":"https:\/\/www.pcnen.com\/portal\/wp-json\/wp\/v2\/posts\/357839\/revisions"}],"predecessor-version":[{"id":357840,"href":"https:\/\/www.pcnen.com\/portal\/wp-json\/wp\/v2\/posts\/357839\/revisions\/357840"}],"wp:featuredmedia":[{"embeddable":true,"href":"https:\/\/www.pcnen.com\/portal\/wp-json\/wp\/v2\/media\/275178"}],"wp:attachment":[{"href":"https:\/\/www.pcnen.com\/portal\/wp-json\/wp\/v2\/media?parent=357839"}],"wp:term":[{"taxonomy":"category","embeddable":true,"href":"https:\/\/www.pcnen.com\/portal\/wp-json\/wp\/v2\/categories?post=357839"},{"taxonomy":"post_tag","embeddable":true,"href":"https:\/\/www.pcnen.com\/portal\/wp-json\/wp\/v2\/tags?post=357839"}],"curies":[{"name":"wp","href":"https:\/\/api.w.org\/{rel}","templated":true}]}}