{"id":357808,"date":"2022-10-26T15:28:25","date_gmt":"2022-10-26T13:28:25","guid":{"rendered":"https:\/\/www.pcnen.com\/portal\/?p=357808"},"modified":"2022-10-26T15:28:25","modified_gmt":"2022-10-26T13:28:25","slug":"mc-ponovo-podsjetio-resorno-ministarstvo-da-treba-ubrzati-proces-izmjene-medijskih-zakona","status":"publish","type":"post","link":"https:\/\/www.pcnen.com\/portal\/2022\/10\/26\/mc-ponovo-podsjetio-resorno-ministarstvo-da-treba-ubrzati-proces-izmjene-medijskih-zakona\/","title":{"rendered":"MC ponovo podsjetio resorno ministarstvo da treba ubrzati proces izmjene medijskih zakona"},"content":{"rendered":"<p>\u201cMedia centar je jo\u0161 5. septembra pozvao predsjednika i potpredsjednicu Vlade da osiguraju ispunjavanje obaveza u procesu integracije u EU i ubrzanje procesa izmjene medijskih zakona. Ministarstvo kulture je 16. septembra odgovorilo na na\u0161u inicjativu i obe\u0107alo da \u0107e javna rasprava zapo\u010deti odmah nakon \u0161to se ponovo uspostavi funkcionalnost web sajta Vlade. I nakon uspostavljanja svih funkcija web portala Vlade jo\u0161 nije zapo\u010dela javna rasprava o tri medijska zakona: Zakona o medijima, Zakona o audiovizuenim medijskim uslugama i Zakona o javnom medijskom servisu RTCG\u201d, re\u010deno je u saop\u0161tenju ove nevladine organizacije.<\/p>\n<p>Media centar upozorava da \u0107e odga\u0111anje javne rasprave o tri medijska zakona i upu\u0107ivanja Skup\u0161tini na usvajanje \u201cdo\u0107i \u0107e do kr\u0161enja akcionog plana za pristupanje EU\u201d.<\/p>\n<p>\u201cDa bi tri medijska zakona bila upu\u0107ena Skup\u0161tini na odlu\u010divanje, neophodno je sprovesti javnu raspravu kako bi se dala prilika stru\u010dnoj i lai\u010dkoj javnosti da ponudi sugestije i doprinese pobolj\u0161anju kvaliteta ovih propisa\u201d, navodi se u saop\u0161tenju, proslije\u0111enom medijima i objavljenom na <a href=\"https:\/\/www.facebook.com\/photo?fbid=643577960477622&amp;set=a.602235894611829\" target=\"_blank\" rel=\"noopener\">FB stranici Media centra<\/a>.<\/p>\n","protected":false},"excerpt":{"rendered":"<p>Media centar je danas ponovo javno pozvao Ministarstvo kulture i medija da ubrza proces izmjena medijskih zakona koji su u pripremi du\u017ee od osam (8) mjeseci.<\/p>\n","protected":false},"author":1,"featured_media":0,"comment_status":"open","ping_status":"closed","sticky":false,"template":"","format":"standard","meta":{"_seopress_robots_primary_cat":"","_seopress_titles_title":"","_seopress_titles_desc":"","_seopress_robots_index":"","_et_pb_use_builder":"","_et_pb_old_content":"","_et_gb_content_width":"","inline_featured_image":false,"footnotes":""},"categories":[14],"tags":[1099,2343],"class_list":["post-357808","post","type-post","status-publish","format-standard","hentry","category-vijesti","tag-media-centar","tag-medijski-zakoni"],"_links":{"self":[{"href":"https:\/\/www.pcnen.com\/portal\/wp-json\/wp\/v2\/posts\/357808","targetHints":{"allow":["GET"]}}],"collection":[{"href":"https:\/\/www.pcnen.com\/portal\/wp-json\/wp\/v2\/posts"}],"about":[{"href":"https:\/\/www.pcnen.com\/portal\/wp-json\/wp\/v2\/types\/post"}],"author":[{"embeddable":true,"href":"https:\/\/www.pcnen.com\/portal\/wp-json\/wp\/v2\/users\/1"}],"replies":[{"embeddable":true,"href":"https:\/\/www.pcnen.com\/portal\/wp-json\/wp\/v2\/comments?post=357808"}],"version-history":[{"count":1,"href":"https:\/\/www.pcnen.com\/portal\/wp-json\/wp\/v2\/posts\/357808\/revisions"}],"predecessor-version":[{"id":357809,"href":"https:\/\/www.pcnen.com\/portal\/wp-json\/wp\/v2\/posts\/357808\/revisions\/357809"}],"wp:attachment":[{"href":"https:\/\/www.pcnen.com\/portal\/wp-json\/wp\/v2\/media?parent=357808"}],"wp:term":[{"taxonomy":"category","embeddable":true,"href":"https:\/\/www.pcnen.com\/portal\/wp-json\/wp\/v2\/categories?post=357808"},{"taxonomy":"post_tag","embeddable":true,"href":"https:\/\/www.pcnen.com\/portal\/wp-json\/wp\/v2\/tags?post=357808"}],"curies":[{"name":"wp","href":"https:\/\/api.w.org\/{rel}","templated":true}]}}