{"id":357792,"date":"2022-10-26T11:07:14","date_gmt":"2022-10-26T09:07:14","guid":{"rendered":"https:\/\/www.pcnen.com\/portal\/?p=357792"},"modified":"2022-10-26T11:08:01","modified_gmt":"2022-10-26T09:08:01","slug":"vlade-abazovic-i-adzic-vodice-ministarstva-vanjskih-poslova-i-odbrane","status":"publish","type":"post","link":"https:\/\/www.pcnen.com\/portal\/2022\/10\/26\/vlade-abazovic-i-adzic-vodice-ministarstva-vanjskih-poslova-i-odbrane\/","title":{"rendered":"Vlade: Abazovi\u0107 i Ad\u017ei\u0107 vodi\u0107e ministarstva vanjskih poslova i odbrane"},"content":{"rendered":"<p>U saop\u0161tenju je navedeno da je Abazovi\u0107, u skladu sa Zakonom o dr\u017eavnoj upravi, donio odluke o odre\u0111ivanju rukovodilaca pomenutih resora.<\/p>\n<p>Skup\u0161tina je, na predlog premijera, smijenila ministra vanjskih poslova Ranka Krivokapi\u0107a i ministra odbrane Ra\u0161ka Konjevi\u0107a.<\/p>\n<p>Skup\u0161tina je sa 41 glasom smijenila dvojicu ministara,\u00a0 Abazovi\u0107 je u obrazlo\u017eenji naveo da je njihovo djelovanje u kontinuitetu odstupalo od rada 43. vlade.<\/p>\n<blockquote class=\"wp-embedded-content\" data-secret=\"ZNO90VHdFV\"><p><a href=\"https:\/\/www.pcnen.com\/portal\/2022\/10\/24\/abazovic-preuzima-mvp-adzic-odbranu-kovac-bok\/\">Abazovi\u0107 preuzima MVP, Ad\u017ei\u0107 odbranu, Kova\u010d BOK<\/a><\/p><\/blockquote>\n<p><iframe loading=\"lazy\" class=\"wp-embedded-content\" sandbox=\"allow-scripts\" security=\"restricted\" style=\"position: absolute; clip: rect(1px, 1px, 1px, 1px);\" title=\"&#8220;Abazovi\u0107 preuzima MVP, Ad\u017ei\u0107 odbranu, Kova\u010d BOK&#8221; &#8212; PCNEN\" src=\"https:\/\/www.pcnen.com\/portal\/2022\/10\/24\/abazovic-preuzima-mvp-adzic-odbranu-kovac-bok\/embed\/#?secret=8zAv05UraO#?secret=ZNO90VHdFV\" data-secret=\"ZNO90VHdFV\" width=\"600\" height=\"338\" frameborder=\"0\" marginwidth=\"0\" marginheight=\"0\" scrolling=\"no\"><\/iframe><\/p>\n","protected":false},"excerpt":{"rendered":"<p>Iz Vlade Crne Gore jutros je potvr\u0111eno da je za rukovodioca Ministarstva odbrane odre\u0111en ministar unutra\u0161njih poslova Filip Ad\u017ei\u0107, dok \u0107e radom Ministarstva vanjskih poslova rukovoditi predsjednik Vlade Dritan Abazovi\u0107.<\/p>\n","protected":false},"author":1,"featured_media":357793,"comment_status":"open","ping_status":"closed","sticky":false,"template":"","format":"standard","meta":{"_seopress_robots_primary_cat":"","_seopress_titles_title":"","_seopress_titles_desc":"","_seopress_robots_index":"","_et_pb_use_builder":"","_et_pb_old_content":"","_et_gb_content_width":"","inline_featured_image":false,"footnotes":""},"categories":[14],"tags":[],"class_list":["post-357792","post","type-post","status-publish","format-standard","has-post-thumbnail","hentry","category-vijesti"],"_links":{"self":[{"href":"https:\/\/www.pcnen.com\/portal\/wp-json\/wp\/v2\/posts\/357792","targetHints":{"allow":["GET"]}}],"collection":[{"href":"https:\/\/www.pcnen.com\/portal\/wp-json\/wp\/v2\/posts"}],"about":[{"href":"https:\/\/www.pcnen.com\/portal\/wp-json\/wp\/v2\/types\/post"}],"author":[{"embeddable":true,"href":"https:\/\/www.pcnen.com\/portal\/wp-json\/wp\/v2\/users\/1"}],"replies":[{"embeddable":true,"href":"https:\/\/www.pcnen.com\/portal\/wp-json\/wp\/v2\/comments?post=357792"}],"version-history":[{"count":3,"href":"https:\/\/www.pcnen.com\/portal\/wp-json\/wp\/v2\/posts\/357792\/revisions"}],"predecessor-version":[{"id":357796,"href":"https:\/\/www.pcnen.com\/portal\/wp-json\/wp\/v2\/posts\/357792\/revisions\/357796"}],"wp:featuredmedia":[{"embeddable":true,"href":"https:\/\/www.pcnen.com\/portal\/wp-json\/wp\/v2\/media\/357793"}],"wp:attachment":[{"href":"https:\/\/www.pcnen.com\/portal\/wp-json\/wp\/v2\/media?parent=357792"}],"wp:term":[{"taxonomy":"category","embeddable":true,"href":"https:\/\/www.pcnen.com\/portal\/wp-json\/wp\/v2\/categories?post=357792"},{"taxonomy":"post_tag","embeddable":true,"href":"https:\/\/www.pcnen.com\/portal\/wp-json\/wp\/v2\/tags?post=357792"}],"curies":[{"name":"wp","href":"https:\/\/api.w.org\/{rel}","templated":true}]}}