{"id":357785,"date":"2022-10-26T12:04:39","date_gmt":"2022-10-26T10:04:39","guid":{"rendered":"https:\/\/www.pcnen.com\/portal\/?p=357785"},"modified":"2022-10-26T12:12:31","modified_gmt":"2022-10-26T10:12:31","slug":"zakonodavni-odbor-danas-o-popisu-stanovnistva-uzivo","status":"publish","type":"post","link":"https:\/\/www.pcnen.com\/portal\/2022\/10\/26\/zakonodavni-odbor-danas-o-popisu-stanovnistva-uzivo\/","title":{"rendered":"Zakonodavni odbor danas o popisu stanovni\u0161tva (u\u017eivo)"},"content":{"rendered":"<p>Crnogorski parlament izjasni\u0107e se o predlo\u017eenom zakonu na sjednici koja je zakazana za 1. novembar.<\/p>\n<p>Vlada je utvrdila Predlog zakona o popisu stanovni\u0161tva, doma\u0107instava i stanova na sjednici 2. juna.<\/p>\n<p>Popisom su, kako je tada saop\u0161teno, obuhva\u0107eni crnogorski dr\u017eavljani koji imaju prebivali\u0161te ili boravi\u0161te u Crnoj Gori bez obzira da li su prisutni u mjestu stanovanja ili privremeno borave u drugom mjestu u Crnoj Gori ili u drugoj dr\u017eavi i stranci koji imaju odobren stalni ili privremeni boravak.<\/p>\n<p>O osobama koja se obuhvataju popisom prikupi\u0107e se podaci o imenu i prezimenu, polu, datumu ro\u0111enja i jedinstvenom mati\u010dnom broju, mjestu i dr\u017eavi ro\u0111enja, bra\u010dnom statusu, odnosno vanbra\u010dnoj zajednici, \u017eivotnom partnerstvu lica istog pola.<\/p>\n<p>Kako je saop\u0161teno, popis \u0107e obuhvatiti i podatke o dr\u017eavljanstvu, nacionalnoj, odnosno etni\u010dkoj pripadnosti, vjeri, maternjem i jeziku kojim lice uobi\u010dajeno govori.<\/p>\n<p>\u201cIzuzetno , ako lice ne \u017eeli da se izjasni o nacionalnoj, odnosno etni\u010dkoj pripadnosti, vjeri, maternjem i jeziku kojim lice uobi\u010dajeno govori, upisuje se odgovor \u201eNe \u017eeli da se izjasni\u201c\u201d, ka\u017ee se u predlo\u017eenom zakonu.<\/p>\n<p>Popis priprema, organizuje i sprovodi Uprava za statistiku, a popisna komisija se obrazuje za svaku jedinicu lokalne samouprave.<\/p>\n<p>\u201cPreliminarne rezultate popisa, po naseljima, jedinicama lokalne samouprave i za teritoriju Crne Gore o broju stanovnika, doma\u0107instava i stanova i drugih nastanjenih prostorija Uprava za statistiku \u0107e objaviti u roku od 30 dana od zavr\u0161etka popisa\u201d, ka\u017ee se u obrazlo\u017eenju.<\/p>\n<p><iframe loading=\"lazy\" title=\"YouTube video player\" src=\"https:\/\/www.youtube.com\/embed\/eqNQ0ipW1-o\" width=\"560\" height=\"315\" frameborder=\"0\" allowfullscreen=\"allowfullscreen\"><\/iframe><\/p>\n","protected":false},"excerpt":{"rendered":"<p>Zakonodavni odbor trebalo bi danas da razmatra Predlog zakona o popisu stanovni\u0161tva, doma\u0107instava i stanova.<\/p>\n","protected":false},"author":1,"featured_media":0,"comment_status":"open","ping_status":"closed","sticky":false,"template":"","format":"standard","meta":{"_seopress_robots_primary_cat":"","_seopress_titles_title":"","_seopress_titles_desc":"","_seopress_robots_index":"","_et_pb_use_builder":"","_et_pb_old_content":"","_et_gb_content_width":"","inline_featured_image":false,"footnotes":""},"categories":[14],"tags":[],"class_list":["post-357785","post","type-post","status-publish","format-standard","hentry","category-vijesti"],"_links":{"self":[{"href":"https:\/\/www.pcnen.com\/portal\/wp-json\/wp\/v2\/posts\/357785","targetHints":{"allow":["GET"]}}],"collection":[{"href":"https:\/\/www.pcnen.com\/portal\/wp-json\/wp\/v2\/posts"}],"about":[{"href":"https:\/\/www.pcnen.com\/portal\/wp-json\/wp\/v2\/types\/post"}],"author":[{"embeddable":true,"href":"https:\/\/www.pcnen.com\/portal\/wp-json\/wp\/v2\/users\/1"}],"replies":[{"embeddable":true,"href":"https:\/\/www.pcnen.com\/portal\/wp-json\/wp\/v2\/comments?post=357785"}],"version-history":[{"count":2,"href":"https:\/\/www.pcnen.com\/portal\/wp-json\/wp\/v2\/posts\/357785\/revisions"}],"predecessor-version":[{"id":357802,"href":"https:\/\/www.pcnen.com\/portal\/wp-json\/wp\/v2\/posts\/357785\/revisions\/357802"}],"wp:attachment":[{"href":"https:\/\/www.pcnen.com\/portal\/wp-json\/wp\/v2\/media?parent=357785"}],"wp:term":[{"taxonomy":"category","embeddable":true,"href":"https:\/\/www.pcnen.com\/portal\/wp-json\/wp\/v2\/categories?post=357785"},{"taxonomy":"post_tag","embeddable":true,"href":"https:\/\/www.pcnen.com\/portal\/wp-json\/wp\/v2\/tags?post=357785"}],"curies":[{"name":"wp","href":"https:\/\/api.w.org\/{rel}","templated":true}]}}