{"id":357771,"date":"2022-10-25T22:19:24","date_gmt":"2022-10-25T20:19:24","guid":{"rendered":"https:\/\/www.pcnen.com\/portal\/?p=357771"},"modified":"2022-10-25T22:19:24","modified_gmt":"2022-10-25T20:19:24","slug":"sjutra-sjednica-vijeca-za-nacionalnu-bezbjednost","status":"publish","type":"post","link":"https:\/\/www.pcnen.com\/portal\/2022\/10\/25\/sjutra-sjednica-vijeca-za-nacionalnu-bezbjednost\/","title":{"rendered":"Sjutra sjednica Vije\u0107a za nacionalnu bezbjednost"},"content":{"rendered":"<p>Kako je saop\u0161teno iz Abazovi\u0107evog kabineta, na dnevnom redu je analiza aktivnosti Agencije za nacionalnu bezbjednost na suzbijanju ruskog i drugih malignih stranih uticaja u Crnoj Gori.<\/p>\n<p>&#8220;Sa osvrtom na lica u odnosu na koja su preduzete mjere, sa konkretnim razlozima za preduzimanje tih mjera, kao i odre\u0111ivanje koordinatora rada Biroa za operativnu koordinaciju&#8221;, dodaje se u saop\u0161tenju.<\/p>\n<p>Iz Vlade su naveli da je na sjutra\u0161nju sjednicu, pored \u010dlanova Vije\u0107a, pozvan i direktor Uprave policije Zoran Br\u0111anin.<\/p>\n<p>Sjednica Vije\u0107a po\u010de\u0107e u 10:30.<\/p>\n","protected":false},"excerpt":{"rendered":"<p>Predsjednik Vlade u tehni\u010dkom mandatu Dritan Abazovi\u0107 sazvao je za sjutra sjednicu Vije\u0107a za nacionalnu bezbjednost.<\/p>\n","protected":false},"author":1,"featured_media":0,"comment_status":"open","ping_status":"closed","sticky":false,"template":"","format":"standard","meta":{"_seopress_robots_primary_cat":"","_seopress_titles_title":"","_seopress_titles_desc":"","_seopress_robots_index":"","_et_pb_use_builder":"","_et_pb_old_content":"","_et_gb_content_width":"","inline_featured_image":false,"footnotes":""},"categories":[14],"tags":[],"class_list":["post-357771","post","type-post","status-publish","format-standard","hentry","category-vijesti"],"_links":{"self":[{"href":"https:\/\/www.pcnen.com\/portal\/wp-json\/wp\/v2\/posts\/357771","targetHints":{"allow":["GET"]}}],"collection":[{"href":"https:\/\/www.pcnen.com\/portal\/wp-json\/wp\/v2\/posts"}],"about":[{"href":"https:\/\/www.pcnen.com\/portal\/wp-json\/wp\/v2\/types\/post"}],"author":[{"embeddable":true,"href":"https:\/\/www.pcnen.com\/portal\/wp-json\/wp\/v2\/users\/1"}],"replies":[{"embeddable":true,"href":"https:\/\/www.pcnen.com\/portal\/wp-json\/wp\/v2\/comments?post=357771"}],"version-history":[{"count":1,"href":"https:\/\/www.pcnen.com\/portal\/wp-json\/wp\/v2\/posts\/357771\/revisions"}],"predecessor-version":[{"id":357772,"href":"https:\/\/www.pcnen.com\/portal\/wp-json\/wp\/v2\/posts\/357771\/revisions\/357772"}],"wp:attachment":[{"href":"https:\/\/www.pcnen.com\/portal\/wp-json\/wp\/v2\/media?parent=357771"}],"wp:term":[{"taxonomy":"category","embeddable":true,"href":"https:\/\/www.pcnen.com\/portal\/wp-json\/wp\/v2\/categories?post=357771"},{"taxonomy":"post_tag","embeddable":true,"href":"https:\/\/www.pcnen.com\/portal\/wp-json\/wp\/v2\/tags?post=357771"}],"curies":[{"name":"wp","href":"https:\/\/api.w.org\/{rel}","templated":true}]}}