{"id":357765,"date":"2022-10-25T20:25:28","date_gmt":"2022-10-25T18:25:28","guid":{"rendered":"https:\/\/www.pcnen.com\/portal\/?p=357765"},"modified":"2022-10-25T20:25:28","modified_gmt":"2022-10-25T18:25:28","slug":"turska-uhapseno-vise-novinara-prokurdske-novinske-agencije","status":"publish","type":"post","link":"https:\/\/www.pcnen.com\/portal\/2022\/10\/25\/turska-uhapseno-vise-novinara-prokurdske-novinske-agencije\/","title":{"rendered":"Turska: Uhap\u0161eno vi\u0161e novinara prokurdske novinske agencije"},"content":{"rendered":"<p>Prokurdska novinska agencija <a href=\"http:\/\/mezopotamyaajansi35.com\/en\" target=\"_blank\" rel=\"noopener\">Mezopotamija<\/a> je javila da su njen glavni urednik Diren Jurtsever i jo\u0161 osam novinara odvedeni na ispitivanje nakon policijskih racija u Ankari, Istanbulu i drugim turskim gradovima, prenose online mediji agencijske vijesti..<\/p>\n<p>\u201eOsumnji\u010deni su uhap\u0161eni zbog \u0161irenja vijesti ili sadr\u017eaja koji podsti\u010du javnost na mr\u017enju i neprijateljstvo\u201c, saop\u0161tila je policija u objavi na dru\u0161tvenoj mre\u017ei Tviter.<\/p>\n<p>Hap\u0161enja su uslijedila nekoliko dana nakon \u0161to je Turska ratifikovala novi zakon o medijima koji propisuje zatvorske kazne za \u0161irenje \u201cdezinformacije sa ciljem izazivanja brige, straha i panike javnosti\u201c.<\/p>\n","protected":false},"excerpt":{"rendered":"<p>Turska policija je uhapsila danas 11 novinara zbog navodnih veza sa kurdskim militantima, saop\u0161tili su zvani\u010dnici, prenose agencije.<\/p>\n","protected":false},"author":1,"featured_media":357766,"comment_status":"open","ping_status":"closed","sticky":false,"template":"","format":"standard","meta":{"_seopress_robots_primary_cat":"","_seopress_titles_title":"","_seopress_titles_desc":"","_seopress_robots_index":"","_et_pb_use_builder":"","_et_pb_old_content":"","_et_gb_content_width":"","inline_featured_image":false,"footnotes":""},"categories":[14],"tags":[2446],"class_list":["post-357765","post","type-post","status-publish","format-standard","has-post-thumbnail","hentry","category-vijesti","tag-kurdi"],"_links":{"self":[{"href":"https:\/\/www.pcnen.com\/portal\/wp-json\/wp\/v2\/posts\/357765","targetHints":{"allow":["GET"]}}],"collection":[{"href":"https:\/\/www.pcnen.com\/portal\/wp-json\/wp\/v2\/posts"}],"about":[{"href":"https:\/\/www.pcnen.com\/portal\/wp-json\/wp\/v2\/types\/post"}],"author":[{"embeddable":true,"href":"https:\/\/www.pcnen.com\/portal\/wp-json\/wp\/v2\/users\/1"}],"replies":[{"embeddable":true,"href":"https:\/\/www.pcnen.com\/portal\/wp-json\/wp\/v2\/comments?post=357765"}],"version-history":[{"count":1,"href":"https:\/\/www.pcnen.com\/portal\/wp-json\/wp\/v2\/posts\/357765\/revisions"}],"predecessor-version":[{"id":357767,"href":"https:\/\/www.pcnen.com\/portal\/wp-json\/wp\/v2\/posts\/357765\/revisions\/357767"}],"wp:featuredmedia":[{"embeddable":true,"href":"https:\/\/www.pcnen.com\/portal\/wp-json\/wp\/v2\/media\/357766"}],"wp:attachment":[{"href":"https:\/\/www.pcnen.com\/portal\/wp-json\/wp\/v2\/media?parent=357765"}],"wp:term":[{"taxonomy":"category","embeddable":true,"href":"https:\/\/www.pcnen.com\/portal\/wp-json\/wp\/v2\/categories?post=357765"},{"taxonomy":"post_tag","embeddable":true,"href":"https:\/\/www.pcnen.com\/portal\/wp-json\/wp\/v2\/tags?post=357765"}],"curies":[{"name":"wp","href":"https:\/\/api.w.org\/{rel}","templated":true}]}}