{"id":357706,"date":"2022-10-24T19:19:19","date_gmt":"2022-10-24T17:19:19","guid":{"rendered":"https:\/\/www.pcnen.com\/portal\/?p=357706"},"modified":"2022-10-24T19:19:19","modified_gmt":"2022-10-24T17:19:19","slug":"vukovic-nacin-izlaganja-nakon-izbora-bio-je-moja-odluka","status":"publish","type":"post","link":"https:\/\/www.pcnen.com\/portal\/2022\/10\/24\/vukovic-nacin-izlaganja-nakon-izbora-bio-je-moja-odluka\/","title":{"rendered":"Vukovi\u0107: Na\u010din izlaganja nakon izbora bio je moja odluka"},"content":{"rendered":"<p>&#8220;\u017delim da vam ka\u017eem da je na\u010din izlaganja bio rezultat moje odluke, smatrao sam da kao neko ko je nosio listu i prvi me\u0111u jednakima, da mi pripada odgovornost i obaveza da istupim ispred svojih saboraca i saop\u0161tim na\u0161 stav.<\/p>\n<p>Uvjeren sam da je ubjedljiva ve\u0107ina ljudi koji \u017eive u Podgorici poslala poruku da \u017eeli da se na\u0161 grad nastavi kretati ovim putem, da vjeruju u ideju gra\u0111anske, evropske Podgorice i ja \u0107u u tom smislu dati puni doprinos&#8221;, kazao je Vukovi\u0107.<\/p>\n<blockquote class=\"twitter-tweet\">\n<p dir=\"ltr\" lang=\"und\">Hvala sjajnim ljudima iz na\u0161eg tima i sa liste Pokreta <a href=\"https:\/\/twitter.com\/svizanasgrad?ref_src=twsrc%5Etfw\">@svizanasgrad<\/a> na izuzetnoj kampanji!<\/p>\n<p>Hvala dragim sugradjankama i sugradjanima, kao i velikom broju na\u0161ih prijatelja iz regiona i Evrope na sna\u017enoj podr\u0161ci!<\/p>\n<p>Neka sunce na\u0161eg grada vje\u010dno sja i nek\u2019 je vje\u010dna Crna Gora! <a href=\"https:\/\/t.co\/ByVZzkFEAX\">pic.twitter.com\/ByVZzkFEAX<\/a><\/p>\n<p>\u2014 Ivan Vukovic (@pg_mayor) <a href=\"https:\/\/twitter.com\/pg_mayor\/status\/1584571124817559553?ref_src=twsrc%5Etfw\">October 24, 2022<\/a><\/p><\/blockquote>\n<p><script async src=\"https:\/\/platform.twitter.com\/widgets.js\" charset=\"utf-8\"><\/script><\/p>\n","protected":false},"excerpt":{"rendered":"<p>Gradona\u010delnik Podgorice Ivan Vukovi\u0107 u video poruci objavljenoj na Tviteru navodi da je bilo dosta interesovanja u vezi sa njegovim sino\u0107njim nastupom nakon izbornog dana.<\/p>\n","protected":false},"author":1,"featured_media":296987,"comment_status":"open","ping_status":"closed","sticky":false,"template":"","format":"standard","meta":{"_seopress_robots_primary_cat":"","_seopress_titles_title":"","_seopress_titles_desc":"","_seopress_robots_index":"","_et_pb_use_builder":"","_et_pb_old_content":"","_et_gb_content_width":"","inline_featured_image":false,"footnotes":""},"categories":[14],"tags":[],"class_list":["post-357706","post","type-post","status-publish","format-standard","has-post-thumbnail","hentry","category-vijesti"],"_links":{"self":[{"href":"https:\/\/www.pcnen.com\/portal\/wp-json\/wp\/v2\/posts\/357706","targetHints":{"allow":["GET"]}}],"collection":[{"href":"https:\/\/www.pcnen.com\/portal\/wp-json\/wp\/v2\/posts"}],"about":[{"href":"https:\/\/www.pcnen.com\/portal\/wp-json\/wp\/v2\/types\/post"}],"author":[{"embeddable":true,"href":"https:\/\/www.pcnen.com\/portal\/wp-json\/wp\/v2\/users\/1"}],"replies":[{"embeddable":true,"href":"https:\/\/www.pcnen.com\/portal\/wp-json\/wp\/v2\/comments?post=357706"}],"version-history":[{"count":1,"href":"https:\/\/www.pcnen.com\/portal\/wp-json\/wp\/v2\/posts\/357706\/revisions"}],"predecessor-version":[{"id":357707,"href":"https:\/\/www.pcnen.com\/portal\/wp-json\/wp\/v2\/posts\/357706\/revisions\/357707"}],"wp:featuredmedia":[{"embeddable":true,"href":"https:\/\/www.pcnen.com\/portal\/wp-json\/wp\/v2\/media\/296987"}],"wp:attachment":[{"href":"https:\/\/www.pcnen.com\/portal\/wp-json\/wp\/v2\/media?parent=357706"}],"wp:term":[{"taxonomy":"category","embeddable":true,"href":"https:\/\/www.pcnen.com\/portal\/wp-json\/wp\/v2\/categories?post=357706"},{"taxonomy":"post_tag","embeddable":true,"href":"https:\/\/www.pcnen.com\/portal\/wp-json\/wp\/v2\/tags?post=357706"}],"curies":[{"name":"wp","href":"https:\/\/api.w.org\/{rel}","templated":true}]}}