{"id":357703,"date":"2022-10-24T19:11:15","date_gmt":"2022-10-24T17:11:15","guid":{"rendered":"https:\/\/www.pcnen.com\/portal\/?p=357703"},"modified":"2022-10-24T19:11:44","modified_gmt":"2022-10-24T17:11:44","slug":"abazovic-preuzima-mvp-adzic-odbranu-kovac-bok","status":"publish","type":"post","link":"https:\/\/www.pcnen.com\/portal\/2022\/10\/24\/abazovic-preuzima-mvp-adzic-odbranu-kovac-bok\/","title":{"rendered":"Abazovi\u0107 preuzima MVP, Ad\u017ei\u0107 odbranu, Kova\u010d BOK"},"content":{"rendered":"<p>Ministarstvom odbrane \u0107e vjerovatno koordinisati sada\u0161nji ministar unutra\u0161njih poslova Filip Ad\u017ei\u0107, dok bi na \u010delo Biroa za operativnu koordinaciju (BOK) trebalo da bude ministar pravde Marko Kova\u010d.<\/p>\n<p>Skup\u0161tina je 21. oktobra glasovima poslanika &#8220;stare ve\u0107ine&#8221;, njih 41, razrije\u0161ila ministre odbrane i vanjskih poslova Ra\u0161ka Konjevi\u0107a i Ranka Krivokapi\u0107a.<\/p>\n<p>Inicijativu za njihovu smjenu podnio je Abazovi\u0107, a u obrazlo\u017eenju koje je uputio predsjednici Skup\u0161tine Danijeli \u0110urovi\u0107 se, izme\u0111u ostalog, navodi i da je &#8220;u periodu od izglasavanje nepovjerenja Vladi do podno\u0161enja ovog predloga, javno djelovanje ministara Konjevi\u0107a i Krivokapi\u0107a u kontinuitetu odstupalo od zvani\u010dnog stava Vlade&#8221;.<\/p>\n<p>&#8220;Dok je njihovo rukovo\u0111enje resorima odbrane i vanjskih poslova u velikoj mjeri ote\u017ealo rad 43. Vlade do izbora Vlade u novom sastavu&#8230;&#8221;, pi\u0161e u obrazlo\u017eenju.<\/p>\n<p>&nbsp;<\/p>\n<blockquote class=\"wp-embedded-content\" data-secret=\"OQLt1ooIn4\"><p><a href=\"https:\/\/www.pcnen.com\/portal\/2022\/10\/21\/skupstina-nije-izabrala-sudije-ustavnog-suda-cg-ali-je-razrijesila-ministre-karivokapica-i-konjevica\/\">Skup\u0161tina nije izabrala sudije Ustavnog suda CG, ali je razrije\u0161ila ministre Karivokapi\u0107a i Konjevi\u0107a<\/a><\/p><\/blockquote>\n<p><iframe loading=\"lazy\" class=\"wp-embedded-content\" sandbox=\"allow-scripts\" security=\"restricted\" style=\"position: absolute; clip: rect(1px, 1px, 1px, 1px);\" title=\"&#8220;Skup\u0161tina nije izabrala sudije Ustavnog suda CG, ali je razrije\u0161ila ministre Karivokapi\u0107a i Konjevi\u0107a&#8221; &#8212; PCNEN\" src=\"https:\/\/www.pcnen.com\/portal\/2022\/10\/21\/skupstina-nije-izabrala-sudije-ustavnog-suda-cg-ali-je-razrijesila-ministre-karivokapica-i-konjevica\/embed\/#?secret=9VQxUkf2di#?secret=OQLt1ooIn4\" data-secret=\"OQLt1ooIn4\" width=\"600\" height=\"338\" frameborder=\"0\" marginwidth=\"0\" marginheight=\"0\" scrolling=\"no\"><\/iframe><\/p>\n","protected":false},"excerpt":{"rendered":"<p>Premijer Dritan Abazovi\u0107 preuze\u0107e koordinaciju nad Ministarstvom vanjskih poslova nakon \u0161to je Skup\u0161tina razrije\u0161ila ministra Ranka Krivokapi\u0107a, saznaju Vijesti.<\/p>\n","protected":false},"author":1,"featured_media":0,"comment_status":"open","ping_status":"closed","sticky":false,"template":"","format":"standard","meta":{"_seopress_robots_primary_cat":"","_seopress_titles_title":"","_seopress_titles_desc":"","_seopress_robots_index":"","_et_pb_use_builder":"","_et_pb_old_content":"","_et_gb_content_width":"","inline_featured_image":false,"footnotes":""},"categories":[14],"tags":[],"class_list":["post-357703","post","type-post","status-publish","format-standard","hentry","category-vijesti"],"_links":{"self":[{"href":"https:\/\/www.pcnen.com\/portal\/wp-json\/wp\/v2\/posts\/357703","targetHints":{"allow":["GET"]}}],"collection":[{"href":"https:\/\/www.pcnen.com\/portal\/wp-json\/wp\/v2\/posts"}],"about":[{"href":"https:\/\/www.pcnen.com\/portal\/wp-json\/wp\/v2\/types\/post"}],"author":[{"embeddable":true,"href":"https:\/\/www.pcnen.com\/portal\/wp-json\/wp\/v2\/users\/1"}],"replies":[{"embeddable":true,"href":"https:\/\/www.pcnen.com\/portal\/wp-json\/wp\/v2\/comments?post=357703"}],"version-history":[{"count":2,"href":"https:\/\/www.pcnen.com\/portal\/wp-json\/wp\/v2\/posts\/357703\/revisions"}],"predecessor-version":[{"id":357705,"href":"https:\/\/www.pcnen.com\/portal\/wp-json\/wp\/v2\/posts\/357703\/revisions\/357705"}],"wp:attachment":[{"href":"https:\/\/www.pcnen.com\/portal\/wp-json\/wp\/v2\/media?parent=357703"}],"wp:term":[{"taxonomy":"category","embeddable":true,"href":"https:\/\/www.pcnen.com\/portal\/wp-json\/wp\/v2\/categories?post=357703"},{"taxonomy":"post_tag","embeddable":true,"href":"https:\/\/www.pcnen.com\/portal\/wp-json\/wp\/v2\/tags?post=357703"}],"curies":[{"name":"wp","href":"https:\/\/api.w.org\/{rel}","templated":true}]}}