{"id":357692,"date":"2022-10-24T14:13:25","date_gmt":"2022-10-24T12:13:25","guid":{"rendered":"https:\/\/www.pcnen.com\/portal\/?p=357692"},"modified":"2022-10-24T14:13:25","modified_gmt":"2022-10-24T12:13:25","slug":"kotor-privedeno-vise-osoba-koje-se-dovode-u-vezu-sa-kavackim-klanom","status":"publish","type":"post","link":"https:\/\/www.pcnen.com\/portal\/2022\/10\/24\/kotor-privedeno-vise-osoba-koje-se-dovode-u-vezu-sa-kavackim-klanom\/","title":{"rendered":"Kotor: Privedeno vi\u0161e osoba koje se dovode u vezu sa Kava\u010dkim klanom"},"content":{"rendered":"<p>Uprava policije Crne Gore je na Tviteru saop\u0161tila da je u toku zajedni\u010dka akcija SBPK i Specijalnog dr\u017eavnog tu\u017eila\u0161tva.<\/p>\n<p>&#8220;Na podru\u010dju Kotora se sprovode aktivnosti usmjerene prema organizovanim kriminalnim grupama. U toku su pretresi na vi\u0161e lokacija, a vi\u0161e osoba je li\u0161eno slobode&#8221;, navodi se u Tviter objavi Uprave policije.<\/p>\n<blockquote class=\"twitter-tweet\">\n<p dir=\"ltr\" lang=\"und\">\ud83d\udce2 U toku zajedni\u010dka akcija SBPK <a href=\"https:\/\/twitter.com\/PolicijaCG?ref_src=twsrc%5Etfw\">@PolicijaCG<\/a> i Specijalnog dr\u017eavnog tu\u017eila\u0161tva!<\/p>\n<p>Na podru\u010dju Kotora se sprovode aktivnosti usmjerene prema organizovanim kriminalnim grupama.<\/p>\n<p>U toku su pretresi na vi\u0161e lokacija, a vi\u0161e osoba je li\u0161eno slobode. <a href=\"https:\/\/t.co\/6Cz30AkkTd\">pic.twitter.com\/6Cz30AkkTd<\/a><\/p>\n<p>\u2014 Uprava policije Crne Gore (@PolicijaCG) <a href=\"https:\/\/twitter.com\/PolicijaCG\/status\/1584505126374428672?ref_src=twsrc%5Etfw\">October 24, 2022<\/a><\/p><\/blockquote>\n<p><script async src=\"https:\/\/platform.twitter.com\/widgets.js\" charset=\"utf-8\"><\/script><\/p>\n","protected":false},"excerpt":{"rendered":"<p>U akciji policije jutros je u Kotoru privedeno vi\u0161e osoba koje se povezuju sa takozvanim Kava\u010dkim klanom, saznaje nezvani\u010dno Tvcg.<\/p>\n","protected":false},"author":1,"featured_media":294231,"comment_status":"open","ping_status":"closed","sticky":false,"template":"","format":"standard","meta":{"_seopress_robots_primary_cat":"","_seopress_titles_title":"","_seopress_titles_desc":"","_seopress_robots_index":"","_et_pb_use_builder":"","_et_pb_old_content":"","_et_gb_content_width":"","inline_featured_image":false,"footnotes":""},"categories":[14],"tags":[],"class_list":["post-357692","post","type-post","status-publish","format-standard","has-post-thumbnail","hentry","category-vijesti"],"_links":{"self":[{"href":"https:\/\/www.pcnen.com\/portal\/wp-json\/wp\/v2\/posts\/357692","targetHints":{"allow":["GET"]}}],"collection":[{"href":"https:\/\/www.pcnen.com\/portal\/wp-json\/wp\/v2\/posts"}],"about":[{"href":"https:\/\/www.pcnen.com\/portal\/wp-json\/wp\/v2\/types\/post"}],"author":[{"embeddable":true,"href":"https:\/\/www.pcnen.com\/portal\/wp-json\/wp\/v2\/users\/1"}],"replies":[{"embeddable":true,"href":"https:\/\/www.pcnen.com\/portal\/wp-json\/wp\/v2\/comments?post=357692"}],"version-history":[{"count":1,"href":"https:\/\/www.pcnen.com\/portal\/wp-json\/wp\/v2\/posts\/357692\/revisions"}],"predecessor-version":[{"id":357693,"href":"https:\/\/www.pcnen.com\/portal\/wp-json\/wp\/v2\/posts\/357692\/revisions\/357693"}],"wp:featuredmedia":[{"embeddable":true,"href":"https:\/\/www.pcnen.com\/portal\/wp-json\/wp\/v2\/media\/294231"}],"wp:attachment":[{"href":"https:\/\/www.pcnen.com\/portal\/wp-json\/wp\/v2\/media?parent=357692"}],"wp:term":[{"taxonomy":"category","embeddable":true,"href":"https:\/\/www.pcnen.com\/portal\/wp-json\/wp\/v2\/categories?post=357692"},{"taxonomy":"post_tag","embeddable":true,"href":"https:\/\/www.pcnen.com\/portal\/wp-json\/wp\/v2\/tags?post=357692"}],"curies":[{"name":"wp","href":"https:\/\/api.w.org\/{rel}","templated":true}]}}