{"id":357636,"date":"2022-10-23T17:52:16","date_gmt":"2022-10-23T15:52:16","guid":{"rendered":"https:\/\/www.pcnen.com\/portal\/?p=357636"},"modified":"2022-10-23T18:26:30","modified_gmt":"2022-10-23T16:26:30","slug":"sklonjena-metla-sa-zastavom","status":"publish","type":"post","link":"https:\/\/www.pcnen.com\/portal\/2022\/10\/23\/sklonjena-metla-sa-zastavom\/","title":{"rendered":"Sklonjena metla sa zastavom"},"content":{"rendered":"<p><iframe loading=\"lazy\" style=\"border: none; overflow: hidden;\" src=\"https:\/\/www.facebook.com\/plugins\/post.php?href=https%3A%2F%2Fwww.facebook.com%2FRaskrinkavanje.me%2Fposts%2Fpfbid02fRaTabcBFT9mczDAjwXYTHqCfXsvy6SWNP9LrkDX7RyHKVufMZWgbC1n8RAxkJt2l&amp;show_text=true&amp;width=500\" width=\"500\" height=\"723\" frameborder=\"0\" scrolling=\"no\" allowfullscreen=\"allowfullscreen\"><\/iframe><\/p>\n<p>Dio medija dezinformisao je javnost tvrde\u0107i da je fotografija nastala u Kola\u0161inu. Metla je, tokom dana, sklonjena.<\/p>\n<p>&nbsp;<\/p>\n<blockquote class=\"wp-embedded-content\" data-secret=\"foJubIONR4\"><p><a href=\"https:\/\/www.pcnen.com\/portal\/2022\/10\/23\/drzavna-zastava-na-metli\/\">Dr\u017eavna zastava na metli<\/a><\/p><\/blockquote>\n<p><iframe loading=\"lazy\" class=\"wp-embedded-content\" sandbox=\"allow-scripts\" security=\"restricted\" style=\"position: absolute; clip: rect(1px, 1px, 1px, 1px);\" title=\"&#8220;Dr\u017eavna zastava na metli&#8221; &#8212; PCNEN\" src=\"https:\/\/www.pcnen.com\/portal\/2022\/10\/23\/drzavna-zastava-na-metli\/embed\/#?secret=Qt9qrmGmpZ#?secret=foJubIONR4\" data-secret=\"foJubIONR4\" width=\"600\" height=\"338\" frameborder=\"0\" marginwidth=\"0\" marginheight=\"0\" scrolling=\"no\"><\/iframe><\/p>\n","protected":false},"excerpt":{"rendered":"<p>Zastava, oka\u010dena na metli, koja je obi\u0161la mre\u017ee i medije bila je oka\u010dena na bira\u010dkom mjestu u vrti\u0107u &#8220;Zvon\u010di\u0107&#8221;, u Podgorici, potvrdili su posmatra\u010di Centar za demokratsku tranziciju.<\/p>\n","protected":false},"author":1,"featured_media":357628,"comment_status":"open","ping_status":"closed","sticky":false,"template":"","format":"standard","meta":{"_seopress_robots_primary_cat":"","_seopress_titles_title":"","_seopress_titles_desc":"","_seopress_robots_index":"","_et_pb_use_builder":"","_et_pb_old_content":"","_et_gb_content_width":"","inline_featured_image":false,"footnotes":""},"categories":[14],"tags":[],"class_list":["post-357636","post","type-post","status-publish","format-standard","has-post-thumbnail","hentry","category-vijesti"],"_links":{"self":[{"href":"https:\/\/www.pcnen.com\/portal\/wp-json\/wp\/v2\/posts\/357636","targetHints":{"allow":["GET"]}}],"collection":[{"href":"https:\/\/www.pcnen.com\/portal\/wp-json\/wp\/v2\/posts"}],"about":[{"href":"https:\/\/www.pcnen.com\/portal\/wp-json\/wp\/v2\/types\/post"}],"author":[{"embeddable":true,"href":"https:\/\/www.pcnen.com\/portal\/wp-json\/wp\/v2\/users\/1"}],"replies":[{"embeddable":true,"href":"https:\/\/www.pcnen.com\/portal\/wp-json\/wp\/v2\/comments?post=357636"}],"version-history":[{"count":3,"href":"https:\/\/www.pcnen.com\/portal\/wp-json\/wp\/v2\/posts\/357636\/revisions"}],"predecessor-version":[{"id":357641,"href":"https:\/\/www.pcnen.com\/portal\/wp-json\/wp\/v2\/posts\/357636\/revisions\/357641"}],"wp:featuredmedia":[{"embeddable":true,"href":"https:\/\/www.pcnen.com\/portal\/wp-json\/wp\/v2\/media\/357628"}],"wp:attachment":[{"href":"https:\/\/www.pcnen.com\/portal\/wp-json\/wp\/v2\/media?parent=357636"}],"wp:term":[{"taxonomy":"category","embeddable":true,"href":"https:\/\/www.pcnen.com\/portal\/wp-json\/wp\/v2\/categories?post=357636"},{"taxonomy":"post_tag","embeddable":true,"href":"https:\/\/www.pcnen.com\/portal\/wp-json\/wp\/v2\/tags?post=357636"}],"curies":[{"name":"wp","href":"https:\/\/api.w.org\/{rel}","templated":true}]}}