{"id":357622,"date":"2022-10-23T14:05:49","date_gmt":"2022-10-23T12:05:49","guid":{"rendered":"https:\/\/www.pcnen.com\/portal\/?p=357622"},"modified":"2022-10-23T14:05:49","modified_gmt":"2022-10-23T12:05:49","slug":"svestenik-tapuskovic-nisu-mi-dali-da-glasam-u-mantiji","status":"publish","type":"post","link":"https:\/\/www.pcnen.com\/portal\/2022\/10\/23\/svestenik-tapuskovic-nisu-mi-dali-da-glasam-u-mantiji\/","title":{"rendered":"Sve\u0161tenik Tapu\u0161kovi\u0107: Nisu mi dali da glasam u mantiji"},"content":{"rendered":"<p>Tapu\u0161kovi\u0107 je u izjavi za Dan kazao da je glasao nakon \u0161to se presvukao u civilnu odje\u0107u.<\/p>\n<p>\u201cImamo dosta monaha koji su dr\u017eavljani Crne Gore, oni po prirodi svoga poziva ne skidaju mantiju nikada, \u010dak ni kad spavaju, samim tim, ako je ovakva situacija, njima je povrije\u0111eno ustavno pravo da biraju i da budu birani, ovo je diskriminacija\u201d, kazao je Tapu\u0161kovi\u0107.<\/p>\n<p>On je rekao da je prethodnih godina glasao u mantiji.<\/p>\n<p>\u201cOvo novo pravilo nigdje nije nagla\u0161eno, a danas je jedan moj kolega uredno galsao u mantiji\u201d, rekao je Tapu\u0161kovi\u0107.<\/p>\n","protected":false},"excerpt":{"rendered":"<p>Sve\u0161teniku Mitropolije crnogorsko-primorske Branku Tapu\u0161kovi\u0107u danas nije dozvoljeno da glasa u mantiji na bira\u010dkom mjestu 24-D u osnovnoj \u0161koli Dr Dragi\u0161a Ivanovi\u0107 na Zlatici uz obrazlo\u017eenje da lica u uniformama ne mogu da glasaju.<\/p>\n","protected":false},"author":1,"featured_media":357623,"comment_status":"open","ping_status":"closed","sticky":false,"template":"","format":"standard","meta":{"_seopress_robots_primary_cat":"","_seopress_titles_title":"","_seopress_titles_desc":"","_seopress_robots_index":"","_et_pb_use_builder":"","_et_pb_old_content":"","_et_gb_content_width":"","inline_featured_image":false,"footnotes":""},"categories":[14],"tags":[],"class_list":["post-357622","post","type-post","status-publish","format-standard","has-post-thumbnail","hentry","category-vijesti"],"_links":{"self":[{"href":"https:\/\/www.pcnen.com\/portal\/wp-json\/wp\/v2\/posts\/357622","targetHints":{"allow":["GET"]}}],"collection":[{"href":"https:\/\/www.pcnen.com\/portal\/wp-json\/wp\/v2\/posts"}],"about":[{"href":"https:\/\/www.pcnen.com\/portal\/wp-json\/wp\/v2\/types\/post"}],"author":[{"embeddable":true,"href":"https:\/\/www.pcnen.com\/portal\/wp-json\/wp\/v2\/users\/1"}],"replies":[{"embeddable":true,"href":"https:\/\/www.pcnen.com\/portal\/wp-json\/wp\/v2\/comments?post=357622"}],"version-history":[{"count":1,"href":"https:\/\/www.pcnen.com\/portal\/wp-json\/wp\/v2\/posts\/357622\/revisions"}],"predecessor-version":[{"id":357624,"href":"https:\/\/www.pcnen.com\/portal\/wp-json\/wp\/v2\/posts\/357622\/revisions\/357624"}],"wp:featuredmedia":[{"embeddable":true,"href":"https:\/\/www.pcnen.com\/portal\/wp-json\/wp\/v2\/media\/357623"}],"wp:attachment":[{"href":"https:\/\/www.pcnen.com\/portal\/wp-json\/wp\/v2\/media?parent=357622"}],"wp:term":[{"taxonomy":"category","embeddable":true,"href":"https:\/\/www.pcnen.com\/portal\/wp-json\/wp\/v2\/categories?post=357622"},{"taxonomy":"post_tag","embeddable":true,"href":"https:\/\/www.pcnen.com\/portal\/wp-json\/wp\/v2\/tags?post=357622"}],"curies":[{"name":"wp","href":"https:\/\/api.w.org\/{rel}","templated":true}]}}