{"id":357618,"date":"2022-10-23T13:38:03","date_gmt":"2022-10-23T11:38:03","guid":{"rendered":"https:\/\/www.pcnen.com\/portal\/?p=357618"},"modified":"2022-10-23T13:53:51","modified_gmt":"2022-10-23T11:53:51","slug":"tenzije-u-savniku-policija-na-ulicama-ne-rade-lokali","status":"publish","type":"post","link":"https:\/\/www.pcnen.com\/portal\/2022\/10\/23\/tenzije-u-savniku-policija-na-ulicama-ne-rade-lokali\/","title":{"rendered":"Tenzije u \u0160avniku, policija na ulicama, ne rade lokali"},"content":{"rendered":"<p>Prema podacima posmatra\u010da CDT-a atmosfera u tom gradu je tenzi\u010dna, vidno je prisustvo policije, ne rade ugostiteljski objekti.<\/p>\n<p>\u201cBira\u010dko mjesto broj 1, sala Skup\u0161tine op\u0161tine \u0160avnik, bira\u010dko mjesto broj 4, \u0161kola u Komarnici, Bira\u010dko mjesto broj 13, \u0161kola u Donjoj Bijeloj i bira\u010dko mjesto broj 14, kafana Kru\u0161evice\u201d, kazao je Deli\u0107, prenosi RTCG.<\/p>\n<p>Istakao je da u OIK-u nijesu mogli da im ka\u017eu da li \u0107e biti nastavljeno glasanje.<\/p>\n<p>\u201cU \u0160avniku je atmosfera tenzi\u010dna, vidno je prisustvo policije, ne rade ugostiteljski objekti, a posmatra\u010di CDT-a su detektovali veliki broj automobila sa registarskim oznakama iz drugih gradova\u201d, kazao je Deli\u0107.<\/p>\n<p>Problem je nastao jutros na bira\u010dkom mjesu broj 1 kada \u010dlan odbora \u0110or\u0111e Aleksi\u0107 nije dozvolio prvom bira\u010du da glasa, jer kako tvrdi, ta osoba nije iz \u0160avnika. Aleksi\u0107 je nakon toga saslu\u0161an u policiji i protiv njega je podnijeta krivi\u010dna prijava. Sli\u010dne situacije ponovile su se na ostala tri birali\u0161ta nakon \u010dega je prekinuto glasanje.<\/p>\n<p>&nbsp;<\/p>\n<blockquote class=\"wp-embedded-content\" data-secret=\"oc431c6Xnl\"><p><a href=\"https:\/\/www.pcnen.com\/portal\/2022\/10\/23\/biracko-mjesto-u-savniku-zatvoreno\/\">Bira\u010dko mjesto u \u0160avniku zatvoreno<\/a><\/p><\/blockquote>\n<p><iframe loading=\"lazy\" class=\"wp-embedded-content\" sandbox=\"allow-scripts\" security=\"restricted\" style=\"position: absolute; clip: rect(1px, 1px, 1px, 1px);\" title=\"&#8220;Bira\u010dko mjesto u \u0160avniku zatvoreno&#8221; &#8212; PCNEN\" src=\"https:\/\/www.pcnen.com\/portal\/2022\/10\/23\/biracko-mjesto-u-savniku-zatvoreno\/embed\/#?secret=qO5IzChSMK#?secret=oc431c6Xnl\" data-secret=\"oc431c6Xnl\" width=\"600\" height=\"338\" frameborder=\"0\" marginwidth=\"0\" marginheight=\"0\" scrolling=\"no\"><\/iframe><\/p>\n","protected":false},"excerpt":{"rendered":"<p>Goran Deli\u0107 iz Centra za demokratsku tranziciju kazao je da su iz Op\u0161tinske izborne komisije u \u0160avniku dobili informaciju da su zatvorena \u010detiri bira\u010dka mjesta u tom gradu.<\/p>\n","protected":false},"author":1,"featured_media":357619,"comment_status":"open","ping_status":"closed","sticky":false,"template":"","format":"standard","meta":{"_seopress_robots_primary_cat":"","_seopress_titles_title":"","_seopress_titles_desc":"","_seopress_robots_index":"","_et_pb_use_builder":"","_et_pb_old_content":"","_et_gb_content_width":"","inline_featured_image":false,"footnotes":""},"categories":[14],"tags":[],"class_list":["post-357618","post","type-post","status-publish","format-standard","has-post-thumbnail","hentry","category-vijesti"],"_links":{"self":[{"href":"https:\/\/www.pcnen.com\/portal\/wp-json\/wp\/v2\/posts\/357618","targetHints":{"allow":["GET"]}}],"collection":[{"href":"https:\/\/www.pcnen.com\/portal\/wp-json\/wp\/v2\/posts"}],"about":[{"href":"https:\/\/www.pcnen.com\/portal\/wp-json\/wp\/v2\/types\/post"}],"author":[{"embeddable":true,"href":"https:\/\/www.pcnen.com\/portal\/wp-json\/wp\/v2\/users\/1"}],"replies":[{"embeddable":true,"href":"https:\/\/www.pcnen.com\/portal\/wp-json\/wp\/v2\/comments?post=357618"}],"version-history":[{"count":2,"href":"https:\/\/www.pcnen.com\/portal\/wp-json\/wp\/v2\/posts\/357618\/revisions"}],"predecessor-version":[{"id":357621,"href":"https:\/\/www.pcnen.com\/portal\/wp-json\/wp\/v2\/posts\/357618\/revisions\/357621"}],"wp:featuredmedia":[{"embeddable":true,"href":"https:\/\/www.pcnen.com\/portal\/wp-json\/wp\/v2\/media\/357619"}],"wp:attachment":[{"href":"https:\/\/www.pcnen.com\/portal\/wp-json\/wp\/v2\/media?parent=357618"}],"wp:term":[{"taxonomy":"category","embeddable":true,"href":"https:\/\/www.pcnen.com\/portal\/wp-json\/wp\/v2\/categories?post=357618"},{"taxonomy":"post_tag","embeddable":true,"href":"https:\/\/www.pcnen.com\/portal\/wp-json\/wp\/v2\/tags?post=357618"}],"curies":[{"name":"wp","href":"https:\/\/api.w.org\/{rel}","templated":true}]}}