{"id":357612,"date":"2022-10-23T13:28:57","date_gmt":"2022-10-23T11:28:57","guid":{"rendered":"https:\/\/www.pcnen.com\/portal\/?p=357612"},"modified":"2022-10-23T13:30:17","modified_gmt":"2022-10-23T11:30:17","slug":"veliki-protesti-protiv-emisije-dzimija-kara","status":"publish","type":"post","link":"https:\/\/www.pcnen.com\/portal\/2022\/10\/23\/veliki-protesti-protiv-emisije-dzimija-kara\/","title":{"rendered":"Veliki protesti protiv emisije D\u017eimija Kara"},"content":{"rendered":"<p>U pitanju je najava za emisiju D\u017eimi Kar uni\u0161tava umjetnost britanskog televizijskog kanala Channel 4 u kojoj \u0107e publika u studiju glasati da li voditelj treba da uni\u0161ti sliku koju je naslikao Adolf Hitler, pi\u0161e jutarnji.hr.<\/p>\n<p>Ovaj kanal kupio je umjetni\u010dka djela brojnih \u201eproblemati\u010dnih\u201c umjetnika, me\u0111u kojima su i Pablo Pikaso, osu\u0111eni pedofil Rolf Haris, kao i seksualni zlostavlja\u010d Erik Gil. Voditelj emisije D\u017eimi Kar treba da pri\u010da sa publikom da li se ova djela mogu odvojiti od svih tvoraca.<\/p>\n<p>Po scenariju, publika na kraju glasa da li \u0107e on uni\u0161titi to djelo i ukoliko to izglasaju, on \u0107e odmah poijcepati Hitlerovu sliku, a mogu\u0107e je da neka djela budu uni\u0161tena i baca\u010dem plamena, stoji u najavi.<\/p>\n<p>Ova emisija trebalo bi da po\u010dne sa emitovanjem 24. oktobra, ali sada nailazi na brojne osude i kritike.<\/p>\n<p>Fondacija Dana sje\u0107anja na holokaust optu\u017eila je tvorce emisije da \u201eHitlera \u010dine temom lake zabave\u201c i izjavili su da je veoma neprikladno, da se time \u201etrivijalizuje cijela stvar u vrijeme kada se iskrivljuju podaci o holokaustu\u201c.<\/p>\n<p>Urednici ovog kanala rekli su da je svrha emisije da \u201etestira granice i dovede u pitanje konvencionalne ta\u010dke gledi\u0161ta\u201c, ali postavlja se pitanje da li je sve to samo zarad postizanja efekta \u0161oka.<\/p>\n<p>Jo\u0161 jedna problemati\u010dna ta\u010dka je izbor D\u017eimija Kara za voditelja, jer je on ranije ove godine osu\u0111en zbog \u0161ale o Romima ubijenim za vrijeme holokausta.<\/p>\n","protected":false},"excerpt":{"rendered":"<p>Staro je pitanje da li se mogu razdvojiti umjetnost i umjetnik koji je stvorio, a ba\u0161 time se bavi nova emisija u kojoj \u0107e publika glasati da li D\u017eimi Kar treba da uni\u0161ti djela Hitlera i drugih \u201eproblemati\u010dnih\u201c autora.<\/p>\n","protected":false},"author":1,"featured_media":0,"comment_status":"open","ping_status":"closed","sticky":false,"template":"","format":"standard","meta":{"_seopress_robots_primary_cat":"","_seopress_titles_title":"","_seopress_titles_desc":"","_seopress_robots_index":"","_et_pb_use_builder":"","_et_pb_old_content":"","_et_gb_content_width":"","inline_featured_image":false,"footnotes":""},"categories":[14],"tags":[],"class_list":["post-357612","post","type-post","status-publish","format-standard","hentry","category-vijesti"],"_links":{"self":[{"href":"https:\/\/www.pcnen.com\/portal\/wp-json\/wp\/v2\/posts\/357612","targetHints":{"allow":["GET"]}}],"collection":[{"href":"https:\/\/www.pcnen.com\/portal\/wp-json\/wp\/v2\/posts"}],"about":[{"href":"https:\/\/www.pcnen.com\/portal\/wp-json\/wp\/v2\/types\/post"}],"author":[{"embeddable":true,"href":"https:\/\/www.pcnen.com\/portal\/wp-json\/wp\/v2\/users\/1"}],"replies":[{"embeddable":true,"href":"https:\/\/www.pcnen.com\/portal\/wp-json\/wp\/v2\/comments?post=357612"}],"version-history":[{"count":4,"href":"https:\/\/www.pcnen.com\/portal\/wp-json\/wp\/v2\/posts\/357612\/revisions"}],"predecessor-version":[{"id":357617,"href":"https:\/\/www.pcnen.com\/portal\/wp-json\/wp\/v2\/posts\/357612\/revisions\/357617"}],"wp:attachment":[{"href":"https:\/\/www.pcnen.com\/portal\/wp-json\/wp\/v2\/media?parent=357612"}],"wp:term":[{"taxonomy":"category","embeddable":true,"href":"https:\/\/www.pcnen.com\/portal\/wp-json\/wp\/v2\/categories?post=357612"},{"taxonomy":"post_tag","embeddable":true,"href":"https:\/\/www.pcnen.com\/portal\/wp-json\/wp\/v2\/tags?post=357612"}],"curies":[{"name":"wp","href":"https:\/\/api.w.org\/{rel}","templated":true}]}}