{"id":357610,"date":"2022-10-23T13:15:53","date_gmt":"2022-10-23T11:15:53","guid":{"rendered":"https:\/\/www.pcnen.com\/portal\/?p=357610"},"modified":"2022-10-23T13:15:53","modified_gmt":"2022-10-23T11:15:53","slug":"vucic-objavio-imena-ministara-u-novoj-vladi-srbije","status":"publish","type":"post","link":"https:\/\/www.pcnen.com\/portal\/2022\/10\/23\/vucic-objavio-imena-ministara-u-novoj-vladi-srbije\/","title":{"rendered":"Vu\u010di\u0107 objavio imena ministara u novoj vladi Srbije"},"content":{"rendered":"<p>Nakon Vu\u010di\u0107evog izlaganja, Predsjedni\u0161tvo Srpske napredne stranke (SNS) prihvatilo je danas predlog mandatarke za sastav nove vlade Ane Brnabi\u0107 sa jednim uzdr\u017eanim glasom, saop\u0161tio je danas lider stranke Aleksandar Vu\u010di\u0107.<\/p>\n<p>Novu vladu \u010dine:<\/p>\n<p>Ana Brnabi\u0107, predsednica vlade<\/p>\n<p>Milo\u0161 Vu\u010devi\u0107, ministar odbrane<\/p>\n<p>Sini\u0161a Mali, ministar finansija<\/p>\n<p>Tomislav Momirovi\u0107, ministar unutra\u0161nje i spoljne trgovine<\/p>\n<p>Rade Basta, ministar privrede<\/p>\n<p>Jelena Tanaskovi\u0107, ministar poljoprivrede, \u0161umarstva i vodoprivrede<\/p>\n<p>Irena Vujovi\u0107, ministar za za\u0161titu \u017eivotne sredine<\/p>\n<p>Goran Vesi\u0107, ministar gra\u0111evinarstva, saobra\u0107aja i infrastrukture<\/p>\n<p>Dubravka Negre, ministar rudarstva i energetike<\/p>\n<p>Maja Popovi\u0107, ministar pravde<\/p>\n<p>Aleksandar Martinovi\u0107, ministar za upravu i lokalnu samoupravu<\/p>\n<p>Tomislav \u017digmanov, ministar za ljudska i manjinska prava i dru\u0161tveni dijalog<\/p>\n<p>Bratislav Ga\u0161i\u0107, MUP<\/p>\n<p>Tanja Mi\u0161\u010devi\u0107, ministar za evropske integracije<\/p>\n<p>Branko Ru\u017ei\u0107, ministar prosvete<\/p>\n<p>Jelena Begovi\u0107, ministar za nauku<\/p>\n<p>Danica Gruji\u010di\u0107, ministar zdravlja<\/p>\n<p>Nikola Selakovi\u0107, ministar za rad, bora\u010dka i socijalna pitanja<\/p>\n<p>Darija Kisi\u0107, ministar za brigu o porodici<\/p>\n<p>Husein Memi\u0107, ministar za turizam<\/p>\n<p>Zoran Gaji\u0107, ministar sporta<\/p>\n<p>Maja Gojkovi\u0107, ministar kulture<\/p>\n<p>Milan Krkobabi\u0107, ministar za brigu o selu<\/p>\n<p>Vu\u010di\u0107 je izjavio da je ponosan na mnoge ljude iz SNS \u010dija se imena ne\u0107e na\u0107i u novoj vladi, ali da \u0107e oni nastaviti da obavljaju va\u017ene funkcije, kao \u0161to su Marko \u00d0uri\u0107, Zlatibor Lon\u010dar, Branislav Nedimovi\u0107, Neboj\u0161a Stefanovi\u0107 i Jadranka Joksimovi\u0107.<\/p>\n","protected":false},"excerpt":{"rendered":"<p>Predsjendik Srbije Aleksandar Vu\u010di\u0107 pro\u010ditao je nova imena u novoj vladi Srbije, prenose srbijanski mediji.<\/p>\n","protected":false},"author":1,"featured_media":307789,"comment_status":"open","ping_status":"closed","sticky":false,"template":"","format":"standard","meta":{"_seopress_robots_primary_cat":"","_seopress_titles_title":"","_seopress_titles_desc":"","_seopress_robots_index":"","_et_pb_use_builder":"","_et_pb_old_content":"","_et_gb_content_width":"","inline_featured_image":false,"footnotes":""},"categories":[14],"tags":[],"class_list":["post-357610","post","type-post","status-publish","format-standard","has-post-thumbnail","hentry","category-vijesti"],"_links":{"self":[{"href":"https:\/\/www.pcnen.com\/portal\/wp-json\/wp\/v2\/posts\/357610","targetHints":{"allow":["GET"]}}],"collection":[{"href":"https:\/\/www.pcnen.com\/portal\/wp-json\/wp\/v2\/posts"}],"about":[{"href":"https:\/\/www.pcnen.com\/portal\/wp-json\/wp\/v2\/types\/post"}],"author":[{"embeddable":true,"href":"https:\/\/www.pcnen.com\/portal\/wp-json\/wp\/v2\/users\/1"}],"replies":[{"embeddable":true,"href":"https:\/\/www.pcnen.com\/portal\/wp-json\/wp\/v2\/comments?post=357610"}],"version-history":[{"count":1,"href":"https:\/\/www.pcnen.com\/portal\/wp-json\/wp\/v2\/posts\/357610\/revisions"}],"predecessor-version":[{"id":357611,"href":"https:\/\/www.pcnen.com\/portal\/wp-json\/wp\/v2\/posts\/357610\/revisions\/357611"}],"wp:featuredmedia":[{"embeddable":true,"href":"https:\/\/www.pcnen.com\/portal\/wp-json\/wp\/v2\/media\/307789"}],"wp:attachment":[{"href":"https:\/\/www.pcnen.com\/portal\/wp-json\/wp\/v2\/media?parent=357610"}],"wp:term":[{"taxonomy":"category","embeddable":true,"href":"https:\/\/www.pcnen.com\/portal\/wp-json\/wp\/v2\/categories?post=357610"},{"taxonomy":"post_tag","embeddable":true,"href":"https:\/\/www.pcnen.com\/portal\/wp-json\/wp\/v2\/tags?post=357610"}],"curies":[{"name":"wp","href":"https:\/\/api.w.org\/{rel}","templated":true}]}}