{"id":357599,"date":"2022-10-23T10:21:59","date_gmt":"2022-10-23T08:21:59","guid":{"rendered":"https:\/\/www.pcnen.com\/portal\/?p=357599"},"modified":"2022-10-23T10:21:59","modified_gmt":"2022-10-23T08:21:59","slug":"pocinje-65-medunarodni-sajam-knjiga-u-beogradu","status":"publish","type":"post","link":"https:\/\/www.pcnen.com\/portal\/2022\/10\/23\/pocinje-65-medunarodni-sajam-knjiga-u-beogradu\/","title":{"rendered":"Po\u010dinje 65. Me\u0111unarodni sajam knjiga u Beogradu"},"content":{"rendered":"<p>Slogan ovogodi\u0161njeg sajma je &#8220;Povratak napisanih&#8221;, a po\u010dasni gost je Rumunija.<\/p>\n<p>Na otvaranju manifestacije u\u010desnike i posjetioce \u0107e pozdraviti rumunski pisac Mir\u010da Dinesku u ime po\u010dasnog gosta sajma.<\/p>\n<p>Najpoznatiji gost Sajma knjiga, kako su ranije najavili organizatori, bi\u0107e francuski pisac Patrik Beson, a ovogodi\u0161nji program koncipiran je u sedam cjelina.<\/p>\n<p>U okviru programskog ciklusa &#8220;Vrijeme pam\u0107enja&#8221;, povodom godi\u0161njica ro\u0111enja Ive Andri\u0107a, Borislava Peki\u0107a i Vaska Pope, razgovara\u0107e se o autoritetu knji\u017eevne kritike i prire\u0111ivanju kriti\u010dkih izdanja.<\/p>\n<p>Ciklus &#8220;Misliti o knjizi&#8221; posve\u0107en je goru\u0107im temama na knji\u017eevnoj i izdava\u010dkoj sceni, &#8220;O umjetnosti i kulturi&#8221; kapitalnim izdanjima, a &#8220;Po\u0161tovana djeco&#8221; \u2013 piscima za djecu.<\/p>\n<p>Ciklus &#8220;Pi\u0161em, dakle postojim&#8221; predstavi\u0107e doma\u0107e i strane pisce, a u programskoj cjelini &#8220;Dijalozi&#8221; knji\u017eevnici \u0107e razmjenjivati mi\u0161ljenja o knji\u017eevnosti i umjetnosti.<\/p>\n<p>Na izlo\u017ebenom prostoru u tri hale bi\u0107e predstavljeno oko 400 izlaga\u010da iz zemlje i inostranstva.<\/p>\n<p>Osim Rumunije, kao zemlje po\u010dasnog gosta, u\u010destvuju izdava\u010di iz Crne Gore, Hrvatske, BiH, Italije, Ma\u0111arske, Njema\u010dke, Rusije, Kine, \u0160vajcarske, Egipta, Indije i Poljske.<\/p>\n<p>Sajam \u0107e sve\u010dano biti otvoren u 18.00 \u010dasova.<\/p>\n","protected":false},"excerpt":{"rendered":"<p>Akademik Du\u0161an Kova\u010devi\u0107 otvori\u0107e danas 65. Me\u0111unarodni beogradski sajam knjiga na kojem \u0107e se predstaviti 400 izlaga\u010da.<\/p>\n","protected":false},"author":1,"featured_media":0,"comment_status":"open","ping_status":"closed","sticky":false,"template":"","format":"standard","meta":{"_seopress_robots_primary_cat":"","_seopress_titles_title":"","_seopress_titles_desc":"","_seopress_robots_index":"","_et_pb_use_builder":"","_et_pb_old_content":"","_et_gb_content_width":"","inline_featured_image":false,"footnotes":""},"categories":[14],"tags":[],"class_list":["post-357599","post","type-post","status-publish","format-standard","hentry","category-vijesti"],"_links":{"self":[{"href":"https:\/\/www.pcnen.com\/portal\/wp-json\/wp\/v2\/posts\/357599","targetHints":{"allow":["GET"]}}],"collection":[{"href":"https:\/\/www.pcnen.com\/portal\/wp-json\/wp\/v2\/posts"}],"about":[{"href":"https:\/\/www.pcnen.com\/portal\/wp-json\/wp\/v2\/types\/post"}],"author":[{"embeddable":true,"href":"https:\/\/www.pcnen.com\/portal\/wp-json\/wp\/v2\/users\/1"}],"replies":[{"embeddable":true,"href":"https:\/\/www.pcnen.com\/portal\/wp-json\/wp\/v2\/comments?post=357599"}],"version-history":[{"count":1,"href":"https:\/\/www.pcnen.com\/portal\/wp-json\/wp\/v2\/posts\/357599\/revisions"}],"predecessor-version":[{"id":357600,"href":"https:\/\/www.pcnen.com\/portal\/wp-json\/wp\/v2\/posts\/357599\/revisions\/357600"}],"wp:attachment":[{"href":"https:\/\/www.pcnen.com\/portal\/wp-json\/wp\/v2\/media?parent=357599"}],"wp:term":[{"taxonomy":"category","embeddable":true,"href":"https:\/\/www.pcnen.com\/portal\/wp-json\/wp\/v2\/categories?post=357599"},{"taxonomy":"post_tag","embeddable":true,"href":"https:\/\/www.pcnen.com\/portal\/wp-json\/wp\/v2\/tags?post=357599"}],"curies":[{"name":"wp","href":"https:\/\/api.w.org\/{rel}","templated":true}]}}