{"id":357581,"date":"2022-10-22T21:32:04","date_gmt":"2022-10-22T19:32:04","guid":{"rendered":"https:\/\/www.pcnen.com\/portal\/?p=357581"},"modified":"2022-10-22T21:50:28","modified_gmt":"2022-10-22T19:50:28","slug":"fauci-mora-svjedociti-o-masovnom-cenzorskom-poduhvatu-tokom-pandemije","status":"publish","type":"post","link":"https:\/\/www.pcnen.com\/portal\/2022\/10\/22\/fauci-mora-svjedociti-o-masovnom-cenzorskom-poduhvatu-tokom-pandemije\/","title":{"rendered":"Fau\u010di mora svjedo\u010diti o \u2018masovnom cenzorskom poduhvatu\u2019 tokom pandemije"},"content":{"rendered":"<p>U presudi od petka, sudija Teri Dauti je odobrio Zajedni\u010dki zahtJev dr\u017eavnih tu\u017eilaca Misurija i Luizijane da se primora nekoliko aktuelnih i biv\u0161ih zvani\u010dnika da svjedo\u010de u procesu koji su pokrenuli dr\u017eavni tu\u017eilac Misurija Erik \u0160mit i njegov kolega iz Luizijane D\u017eef Landri.<\/p>\n<p>\u201eNakon \u0161to smo prona\u0161li dokumentaciju o dosluhu izme\u0111u Bajdenove administracije i kompanija u \u010dijem su vlasni\u0161tvu dru\u0161tvene mre\u017ee u cilju cenzure slobode govora, odmah smo podnijeli zahtjev da zvani\u010dnici svjedo\u010de pod zakletvom\u201c, rekao je \u0160mit u saop\u0161tenju.<\/p>\n<p>\u201eKrajnje je vrijeme da osvijetlimo ovaj poduhvat cenzure i natjeramo zvani\u010dnike da se izjasne pred ameri\u010dkim narodom, a ova presuda c\u0301e nam omoguc\u0301iti upravo to. Nastavic\u0301emo da tra\u017eimo istinu\u201c, rekao je \u0160mit.<\/p>\n<p>Osim Fau\u010dija, kao svjedoci bic\u0301e primorani da se pojave i biv\u0161i sekretar za \u0161tampu Bijele kuc\u0301e D\u017een Psaki, direktor Digitalne strategije Bijele kuc\u0301e Rob Flaerti, generalni hirurg SAD Vivek Murti i dvije visoke li\u010dnosti iz FBI-a i Odjeljenja za unutra\u0161nju bezbjednost (DHS), prenosi <a href=\"https:\/\/lat.sputnikportal.rs\/20221022\/fauci-primoran-primoran-da-svedoci-o-masovnom-cenzorskom-poduhvatu-tokom-pandemije--1144967120.html\" target=\"_blank\" rel=\"noopener\">Sputnjik<\/a> informaciju iz RT.<\/p>\n","protected":false},"excerpt":{"rendered":"<p>Glavni medicinski savjetnik Bijele kuc\u0301e Entoni Fau\u010di i drugi visoki zvani\u010dnici morac\u0301e da svjedo\u010di u okviru tu\u017ebe u kojoj se tvrdi da je vlada, zajedno sa platformama dru\u0161tvenih mre\u017ea, radila na stvaranju \u201emasovnog cenzorskog poduhvata\u201c tokom izbijanja Kovida-19.<\/p>\n","protected":false},"author":1,"featured_media":321425,"comment_status":"open","ping_status":"closed","sticky":false,"template":"","format":"standard","meta":{"_seopress_robots_primary_cat":"","_seopress_titles_title":"","_seopress_titles_desc":"","_seopress_robots_index":"","_et_pb_use_builder":"","_et_pb_old_content":"","_et_gb_content_width":"","inline_featured_image":false,"footnotes":""},"categories":[14],"tags":[],"class_list":["post-357581","post","type-post","status-publish","format-standard","has-post-thumbnail","hentry","category-vijesti"],"_links":{"self":[{"href":"https:\/\/www.pcnen.com\/portal\/wp-json\/wp\/v2\/posts\/357581","targetHints":{"allow":["GET"]}}],"collection":[{"href":"https:\/\/www.pcnen.com\/portal\/wp-json\/wp\/v2\/posts"}],"about":[{"href":"https:\/\/www.pcnen.com\/portal\/wp-json\/wp\/v2\/types\/post"}],"author":[{"embeddable":true,"href":"https:\/\/www.pcnen.com\/portal\/wp-json\/wp\/v2\/users\/1"}],"replies":[{"embeddable":true,"href":"https:\/\/www.pcnen.com\/portal\/wp-json\/wp\/v2\/comments?post=357581"}],"version-history":[{"count":2,"href":"https:\/\/www.pcnen.com\/portal\/wp-json\/wp\/v2\/posts\/357581\/revisions"}],"predecessor-version":[{"id":357585,"href":"https:\/\/www.pcnen.com\/portal\/wp-json\/wp\/v2\/posts\/357581\/revisions\/357585"}],"wp:featuredmedia":[{"embeddable":true,"href":"https:\/\/www.pcnen.com\/portal\/wp-json\/wp\/v2\/media\/321425"}],"wp:attachment":[{"href":"https:\/\/www.pcnen.com\/portal\/wp-json\/wp\/v2\/media?parent=357581"}],"wp:term":[{"taxonomy":"category","embeddable":true,"href":"https:\/\/www.pcnen.com\/portal\/wp-json\/wp\/v2\/categories?post=357581"},{"taxonomy":"post_tag","embeddable":true,"href":"https:\/\/www.pcnen.com\/portal\/wp-json\/wp\/v2\/tags?post=357581"}],"curies":[{"name":"wp","href":"https:\/\/api.w.org\/{rel}","templated":true}]}}