{"id":357563,"date":"2022-10-22T13:38:36","date_gmt":"2022-10-22T11:38:36","guid":{"rendered":"https:\/\/www.pcnen.com\/portal\/?p=357563"},"modified":"2022-10-22T13:39:09","modified_gmt":"2022-10-22T11:39:09","slug":"podnijeto-220-prijava-za-govor-mrznje-protiv-lgbti-osoba","status":"publish","type":"post","link":"https:\/\/www.pcnen.com\/portal\/2022\/10\/22\/podnijeto-220-prijava-za-govor-mrznje-protiv-lgbti-osoba\/","title":{"rendered":"Podnijeto 220 prijava za govor mr\u017enje protiv LGBTI osoba"},"content":{"rendered":"<p>Govor mr\u017enje je uo\u010den u javnim komentarima na dru\u0161tvenoj mre\u017ei Facebook, od strane na\u0161eg Tima za monitoring govora mr\u017enje u online prostoru, koji funkcioni\u0161e gotovo deceniju, pi\u0161e u saop\u0161tenju.<\/p>\n<p>Period koji je obuhva\u0107en ovom rundom monitoringa tekao je od sredine septembra do sredine oktobra 2022. godine, odnosno obuhvatio je de\u0161avanja vezana za EuroPride u Beogradu, Montenegro Pride u Podgorici, dio predizborne kampanje za lokalne izbore u vi\u0161e op\u0161tina u Crnoj Gori, kao i razli\u010dite medijske objave vezane za LGBTI zajednicu (publikovanje analize \u201eTeatar pravde: istina iza stvarnosti\u201c, intervju Johna M. Barca za Agenciju MINA, autorski tekst Zdravka Cimbaljevi\u0107a i dr.).<\/p>\n<p>Kao jedina organizacija civilnog dru\u0161tva koja se na ovaj na\u010din bavi sistematskim monitoringom i prijavljivanjem govora mr\u017enje u na\u0161oj dr\u017eavi, iznova ukazujemo na izuzetno ozbiljan problem govora mr\u017enje usmjerenog prema LGBTI osobama u Crnoj Gori i odsustvo adekvatnih mehanizama sistemske za\u0161tite za LGBTI osobe, koje su svakodnevno na meti mr\u017enje, diskriminacije i nasilja. \u201eSva razmatranja [\u2026] ukazuju na \u0161iroko i gotovo potpuno odsustvo dokaza o stvarnom polo\u017eaju LGBTI osoba u Crnoj Gori. Ne postoje nikakvi statisti\u010dki podaci u odnosu na LGBTI osobe a da ih generi\u0161e dr\u017eava. Sistem dr\u017eavne statistike na bilo koji na\u010din nije dizajniran za prikupljanje podataka o LGBTI zajednici\u201c .<\/p>\n<p>\u010cinjenica da ne postoji nikakva dr\u017eavna statistika o potrebama i problemima LGBTI osoba u Crnoj Gori dalje onemogu\u0107ava kreiranje javnih politika koje bi na smislen i svrsishodan na\u010din mogle da odgovore onome \u0161to je realnost \u017eivota LGBTI zajednice u Crnoj Gori, te se time dolazi u situaciju da su javne politike nefunkcionalne i gotovo obesmi\u0161ljene. \u201eTokom vremena, zna\u010dajna pa\u017enja u svijetu je posve\u0107ena dokumentovanju negativnih stavova i pona\u0161anja usmjerenih prema LGBTI osobama. Istra\u017eivanja pokazuju da su predrasude i diskriminacija LGBTI osoba \u0161iroko rasprostranjene i da imaju negativne posljedice po \u201efizi\u010dko i psihi\u010dko blagostanje pripadnika seksualnih i rodnih manjina\u201c (Morrison et al. 2019: 549)\u201c .<\/p>\n<p>Apelujemo na donosioce odluka i sve relevantne institucionalne aktere u Crnoj Gori da \u0161to prije u cjelosti u potpunosti upotrebe, a onda i unaprijede dostupne zakonske mehanizme borbe protiv govora mr\u017enje i diskriminacije LGBTI osoba i svih drugih marginalizovanih grupa, te da poka\u017eu odlu\u010dnost i odgovornost u za\u0161titi ljudskih prava svih gra\u0111ana i gra\u0111anki.<\/p>\n<p>Ova aktivnost se realizuje u okviru projekta \u201eJa\u010danje nacionalnog odgovora na zlo\u010dine iz mr\u017enje, govor mr\u017enje i diskriminaciju LGBTIQ osoba\u201c koji je finansiran od strane Ministarstva pravde, ljudskih i manjinskih prava Crne Gore.<\/p>\n<p>Stavovi izra\u017eeni u tekstu ne odra\u017eavaju stavove Ministarstva kao donatora.<\/p>\n","protected":false},"excerpt":{"rendered":"<p>LGBT Forum Progres je u periodu od 7. do 14. oktobra 2022. godine Upravi policije Crne Gore podnio 220 prijava za govor mr\u017enje protiv LGBTI osoba.<\/p>\n","protected":false},"author":1,"featured_media":308891,"comment_status":"open","ping_status":"closed","sticky":false,"template":"","format":"standard","meta":{"_seopress_robots_primary_cat":"","_seopress_titles_title":"","_seopress_titles_desc":"","_seopress_robots_index":"","_et_pb_use_builder":"","_et_pb_old_content":"","_et_gb_content_width":"","inline_featured_image":false,"footnotes":""},"categories":[14],"tags":[],"class_list":["post-357563","post","type-post","status-publish","format-standard","has-post-thumbnail","hentry","category-vijesti"],"_links":{"self":[{"href":"https:\/\/www.pcnen.com\/portal\/wp-json\/wp\/v2\/posts\/357563","targetHints":{"allow":["GET"]}}],"collection":[{"href":"https:\/\/www.pcnen.com\/portal\/wp-json\/wp\/v2\/posts"}],"about":[{"href":"https:\/\/www.pcnen.com\/portal\/wp-json\/wp\/v2\/types\/post"}],"author":[{"embeddable":true,"href":"https:\/\/www.pcnen.com\/portal\/wp-json\/wp\/v2\/users\/1"}],"replies":[{"embeddable":true,"href":"https:\/\/www.pcnen.com\/portal\/wp-json\/wp\/v2\/comments?post=357563"}],"version-history":[{"count":2,"href":"https:\/\/www.pcnen.com\/portal\/wp-json\/wp\/v2\/posts\/357563\/revisions"}],"predecessor-version":[{"id":357565,"href":"https:\/\/www.pcnen.com\/portal\/wp-json\/wp\/v2\/posts\/357563\/revisions\/357565"}],"wp:featuredmedia":[{"embeddable":true,"href":"https:\/\/www.pcnen.com\/portal\/wp-json\/wp\/v2\/media\/308891"}],"wp:attachment":[{"href":"https:\/\/www.pcnen.com\/portal\/wp-json\/wp\/v2\/media?parent=357563"}],"wp:term":[{"taxonomy":"category","embeddable":true,"href":"https:\/\/www.pcnen.com\/portal\/wp-json\/wp\/v2\/categories?post=357563"},{"taxonomy":"post_tag","embeddable":true,"href":"https:\/\/www.pcnen.com\/portal\/wp-json\/wp\/v2\/tags?post=357563"}],"curies":[{"name":"wp","href":"https:\/\/api.w.org\/{rel}","templated":true}]}}