{"id":357554,"date":"2022-10-22T13:07:47","date_gmt":"2022-10-22T11:07:47","guid":{"rendered":"https:\/\/www.pcnen.com\/portal\/?p=357554"},"modified":"2022-10-22T13:30:58","modified_gmt":"2022-10-22T11:30:58","slug":"konjevic-pjevaj-rade-pjevaj-rode-bice-lakse-do-slobode","status":"publish","type":"post","link":"https:\/\/www.pcnen.com\/portal\/2022\/10\/22\/konjevic-pjevaj-rade-pjevaj-rode-bice-lakse-do-slobode\/","title":{"rendered":"Konjevi\u0107: Pjevaj Rade, pjevaj rode, bi\u0107e lak\u0161e do slobode"},"content":{"rendered":"<blockquote class=\"twitter-tweet\">\n<p dir=\"ltr\" lang=\"und\">U pravu je Rade. Nije on kriv. Sleperi, manje vise.<br \/>\nAli, nije on sam, palio cigare. Tu je u pravu.<\/p>\n<p>Pjevaj Rade, pjevaj rode bice lakse do slobode. <a href=\"https:\/\/t.co\/aeypICpdxF\">pic.twitter.com\/aeypICpdxF<\/a><\/p>\n<p>\u2014 Rasko Konjevic (@raskokonjevic) <a href=\"https:\/\/twitter.com\/raskokonjevic\/status\/1583754592340221952?ref_src=twsrc%5Etfw\">October 22, 2022<\/a><\/p><\/blockquote>\n<p><script async src=\"https:\/\/platform.twitter.com\/widgets.js\" charset=\"utf-8\"><\/script><\/p>\n<blockquote class=\"wp-embedded-content\" data-secret=\"bMYRC4mVB1\"><p><a href=\"https:\/\/www.pcnen.com\/portal\/2022\/10\/22\/milosevic-podmecu-mi-po-narodnoj-povika-na-vuka-a-lisice-meso-nose\/\">Milo\u0161evi\u0107: Podme\u0107u mi po narodnoj &#8211; \u2018povika na vuka a lisice meso nose\u2019<\/a><\/p><\/blockquote>\n<p><iframe loading=\"lazy\" class=\"wp-embedded-content\" sandbox=\"allow-scripts\" security=\"restricted\" style=\"position: absolute; clip: rect(1px, 1px, 1px, 1px);\" title=\"&#8220;Milo\u0161evi\u0107: Podme\u0107u mi po narodnoj &#8211; \u2018povika na vuka a lisice meso nose\u2019&#8221; &#8212; PCNEN\" src=\"https:\/\/www.pcnen.com\/portal\/2022\/10\/22\/milosevic-podmecu-mi-po-narodnoj-povika-na-vuka-a-lisice-meso-nose\/embed\/#?secret=Fi1MgWjbrt#?secret=bMYRC4mVB1\" data-secret=\"bMYRC4mVB1\" width=\"600\" height=\"338\" frameborder=\"0\" marginwidth=\"0\" marginheight=\"0\" scrolling=\"no\"><\/iframe><\/p>\n","protected":false},"excerpt":{"rendered":"<p>Biv\u0161i ministar odbrane Ra\u0161ko Konjevi\u0107 kazao je da je biv\u0161i direktor Uprave prihoda i carina Rade Milo\u0161evi\u0107 &#8220;u pravu&#8221; i da &#8220;nije on kriv&#8221; i da nije &#8220;sam palio cigare&#8221;.<\/p>\n","protected":false},"author":1,"featured_media":0,"comment_status":"open","ping_status":"closed","sticky":false,"template":"","format":"standard","meta":{"_seopress_robots_primary_cat":"","_seopress_titles_title":"","_seopress_titles_desc":"","_seopress_robots_index":"","_et_pb_use_builder":"","_et_pb_old_content":"","_et_gb_content_width":"","inline_featured_image":false,"footnotes":""},"categories":[14],"tags":[],"class_list":["post-357554","post","type-post","status-publish","format-standard","hentry","category-vijesti"],"_links":{"self":[{"href":"https:\/\/www.pcnen.com\/portal\/wp-json\/wp\/v2\/posts\/357554","targetHints":{"allow":["GET"]}}],"collection":[{"href":"https:\/\/www.pcnen.com\/portal\/wp-json\/wp\/v2\/posts"}],"about":[{"href":"https:\/\/www.pcnen.com\/portal\/wp-json\/wp\/v2\/types\/post"}],"author":[{"embeddable":true,"href":"https:\/\/www.pcnen.com\/portal\/wp-json\/wp\/v2\/users\/1"}],"replies":[{"embeddable":true,"href":"https:\/\/www.pcnen.com\/portal\/wp-json\/wp\/v2\/comments?post=357554"}],"version-history":[{"count":4,"href":"https:\/\/www.pcnen.com\/portal\/wp-json\/wp\/v2\/posts\/357554\/revisions"}],"predecessor-version":[{"id":357562,"href":"https:\/\/www.pcnen.com\/portal\/wp-json\/wp\/v2\/posts\/357554\/revisions\/357562"}],"wp:attachment":[{"href":"https:\/\/www.pcnen.com\/portal\/wp-json\/wp\/v2\/media?parent=357554"}],"wp:term":[{"taxonomy":"category","embeddable":true,"href":"https:\/\/www.pcnen.com\/portal\/wp-json\/wp\/v2\/categories?post=357554"},{"taxonomy":"post_tag","embeddable":true,"href":"https:\/\/www.pcnen.com\/portal\/wp-json\/wp\/v2\/tags?post=357554"}],"curies":[{"name":"wp","href":"https:\/\/api.w.org\/{rel}","templated":true}]}}