{"id":357547,"date":"2022-10-22T11:08:15","date_gmt":"2022-10-22T09:08:15","guid":{"rendered":"https:\/\/www.pcnen.com\/portal\/?p=357547"},"modified":"2022-10-22T11:08:15","modified_gmt":"2022-10-22T09:08:15","slug":"mc-gradska-tv-favorizovala-izbornu-listu-svi-za-nas-grad-i-dr-ivana-vukovica","status":"publish","type":"post","link":"https:\/\/www.pcnen.com\/portal\/2022\/10\/22\/mc-gradska-tv-favorizovala-izbornu-listu-svi-za-nas-grad-i-dr-ivana-vukovica\/","title":{"rendered":"MC: Gradska TV favorizovala izbornu listu \u201cSvi za na\u0161 grad\u201d i dr Ivana Vukovi\u0107a"},"content":{"rendered":"<p><strong>\u201c<\/strong>Takav pristup je dodatno osna\u017een izborom sagovornika u tok \u0161ou emisijama koje se nijesu bavile lokalnim temama, a iz kojih su u emisijama Dnevnik objavljivani inserti u kojima se direktno ili indirektno favorizovana jedna izborna lista i afirmisale politi\u010dke partije koje je \u010dine, a negativno kvalifikovana politi\u010dka konkurencija, a posebno gra\u0111anski pokret URA i njen lider, aktuelni premijer u tehni\u010dkom mandatu Dritan Abazovi\u0107.<\/p>\n<p><strong>\u00a0<\/strong>Ovo zna\u010di i da je tokom predizborne kampanje RTV Podgorica kontinuirano kr\u0161ila profesionalne standarde propisane Zakonom o medijima, Zakonom o elektronskim medijima, Pravilnikom o programskim standardima u elektronskim medijima, kao i Kodeks novinara\/ki Crne Gore\u201d, pi\u0161e u <a href=\"https:\/\/issuu.com\/mediacentar\/docs\/predizborna_privatizacija_lokalnog_javnog_medija-4\" target=\"_blank\" rel=\"noopener\">analizi<\/a> koju je Media centar uradio nakon jednomjese\u010dnog monitoringa glavne informativne emisije Dnevnik i emisija iz kojih su kori\u0161\u0107eni djelovi sadr\u017eaja (inserti) za emisiju Dnevnik.<\/p>\n<p><strong>\u00a0<\/strong>Svojim izvje\u0161tavanjem, konstatuje Media centar, \u201cRTV Podgovica nije doprinijela slobodnom, istinitom, cjelovitom, nepristrasnom i blagovremenom informisanju javnosti o doga\u0111ajima u zemlji i inostranstvu, \u010dime je kr\u0161ila \u010dlan 7 stav 1 Pravilnika o programskim standardima u elektronskim medijima\u201d.<\/p>\n<p>Media centar je konstatovao i da je napla\u0107ivanjem prostora na televiziji, radiju i portalu, RTV Podgorica \u201cgrubo prekr\u0161ila Zakon za \u0161to odgovornost snose direktor i Savjet\u201d ovoga javnog emitera.<\/p>\n","protected":false},"excerpt":{"rendered":"<p>Prema nalazima Media centra, TV Podgorica, odnosno Gradska TV je u svojoj glavnoj informativnoj emisiji izrazito favorizovala izbornu listu \u201cSvi za na\u0161 grad\u201d i njenog nosioca, aktuelnog gradona\u010delnika dr Ivana Vukovi\u0107a, \u010diji je ponovni izbor na tu du\u017enost osporio Upravni sud.<\/p>\n","protected":false},"author":1,"featured_media":343274,"comment_status":"open","ping_status":"closed","sticky":false,"template":"","format":"standard","meta":{"_seopress_robots_primary_cat":"","_seopress_titles_title":"","_seopress_titles_desc":"","_seopress_robots_index":"","_et_pb_use_builder":"","_et_pb_old_content":"","_et_gb_content_width":"","inline_featured_image":false,"footnotes":""},"categories":[14],"tags":[2438,1099],"class_list":["post-357547","post","type-post","status-publish","format-standard","has-post-thumbnail","hentry","category-vijesti","tag-gradska-tv","tag-media-centar"],"_links":{"self":[{"href":"https:\/\/www.pcnen.com\/portal\/wp-json\/wp\/v2\/posts\/357547","targetHints":{"allow":["GET"]}}],"collection":[{"href":"https:\/\/www.pcnen.com\/portal\/wp-json\/wp\/v2\/posts"}],"about":[{"href":"https:\/\/www.pcnen.com\/portal\/wp-json\/wp\/v2\/types\/post"}],"author":[{"embeddable":true,"href":"https:\/\/www.pcnen.com\/portal\/wp-json\/wp\/v2\/users\/1"}],"replies":[{"embeddable":true,"href":"https:\/\/www.pcnen.com\/portal\/wp-json\/wp\/v2\/comments?post=357547"}],"version-history":[{"count":1,"href":"https:\/\/www.pcnen.com\/portal\/wp-json\/wp\/v2\/posts\/357547\/revisions"}],"predecessor-version":[{"id":357548,"href":"https:\/\/www.pcnen.com\/portal\/wp-json\/wp\/v2\/posts\/357547\/revisions\/357548"}],"wp:featuredmedia":[{"embeddable":true,"href":"https:\/\/www.pcnen.com\/portal\/wp-json\/wp\/v2\/media\/343274"}],"wp:attachment":[{"href":"https:\/\/www.pcnen.com\/portal\/wp-json\/wp\/v2\/media?parent=357547"}],"wp:term":[{"taxonomy":"category","embeddable":true,"href":"https:\/\/www.pcnen.com\/portal\/wp-json\/wp\/v2\/categories?post=357547"},{"taxonomy":"post_tag","embeddable":true,"href":"https:\/\/www.pcnen.com\/portal\/wp-json\/wp\/v2\/tags?post=357547"}],"curies":[{"name":"wp","href":"https:\/\/api.w.org\/{rel}","templated":true}]}}